{"id":143722,"date":"2019-07-12T06:00:24","date_gmt":"2019-07-12T09:00:24","guid":{"rendered":"https:\/\/diarioregionaldigital.com.br\/?p=143722"},"modified":"2019-07-11T19:20:54","modified_gmt":"2019-07-11T22:20:54","slug":"sindicato-dos-trabalhadores-texteis-de-juiz-de-fora-12-07-19","status":"publish","type":"post","link":"https:\/\/diarioregionaldigital.com.br\/?p=143722","title":{"rendered":"Sindicato dos Trabalhadores T\u00eaxteis de Juiz de Fora &#8211; 12\/07\/19"},"content":{"rendered":"<p style=\"text-align: center;\"><strong>SINDICATO DOS TRABALHADORES T\u00caXTEIS DE JUIZ DE FORA<\/strong><\/p>\n<p>Pelo presente Edital, a Diretoria colegiada do SINDICATO DOS TRABALHADORES T\u00caXTEIS DE JUIZ DE FORA, CNPJ 21.605.852\/0001-82, localizado \u00e0 Rua Farmac\u00eautico Vespasiano Pinto Vieira n\u00ba 46, Centro, Juiz de Fora, Minas Gerais, em cumprimento ao disposto nos Artigos 18, II, 23 \u201cd\u201d, 30 \u201ca\u201d, \u201cb\u201d\u00a0\u00a0 e\u00a0 \u00a0\u201cc\u201d \u00a0e \u00a087, par\u00e1grafo \u00fanico, todos do Estatuto Social \u00a0desta Entidade Sindical, <u>convoca,<\/u> \u00a0<u>exclusivamente os trabalhadores e aposentados associados ao Sindicato<\/u>, que estejam rigorosamente em dia com a referida entidade sindical, na forma de seu estatuto vigente, para <u>assembleia geral extraordin\u00e1ria<\/u>, a ser realizada no dia 30 de julho de 2019, na Sede Social do Sindicato, sito \u00a0Rua Farmac\u00eautico Vespasiano Pinto Vieira n\u00ba 46, Centro, Juiz de Fora, Minas Gerais, em primeira convoca\u00e7\u00e3o, \u00e0s 08:30hs,\u00a0 com presen\u00e7a m\u00ednima de 50% dos associados e n\u00e3o havendo quorum estatut\u00e1rio, \u00e0s 09:00 hs, em segunda convoca\u00e7\u00e3o, com qualquer n\u00ba de associados presentes,\u00a0 permanecendo em aberta a presente assembl\u00e9ia, com continuidade \u00e0s 17:00 hs, para que seja permitida a participa\u00e7\u00e3o de todos os associados\u00a0 que trabalham em turnos n\u00e3o simult\u00e2neos, sendo as decis\u00f5es tomadas pela coleta de votos nas duas sess\u00f5es de trabalho, tendo a seguinte ordem do dia: 1\u00ba: \u00a0Debater e deliberar sobre proposta da diretoria de vender a SEDE CAMPESTRE \u00a0de propriedade do Sindicato, localizada \u00e0 Estrada Athos Branco da Rosa n\u00ba 360, Bairro Po\u00e7o D\u2019antas, Juiz de Fora, Minas Gerais; 2\u00ba Delibera\u00e7\u00f5es Conseq\u00fcentes, 3\u00ba Assuntos Gerais; Pela Diretoria. Josu\u00e9 Miranda, Presidente do SINTEX\/JF e Altamir da Fonseca, Diretor Financeiro do SINTEX\/JF. Juiz de Fora, 09 de julho de 2019.<\/p>\n","protected":false},"excerpt":{"rendered":"<p>SINDICATO DOS TRABALHADORES T\u00caXTEIS DE JUIZ DE FORA Pelo presente Edital, a Diretoria colegiada do SINDICATO DOS TRABALHADORES T\u00caXTEIS DE JUIZ DE FORA, CNPJ 21.605.852\/0001-82, localizado \u00e0 Rua Farmac\u00eautico Vespasiano Pinto Vieira n\u00ba 46, Centro, Juiz de Fora, Minas Gerais, em cumprimento ao disposto nos Artigos 18, II, 23 \u201cd\u201d, 30 \u201ca\u201d, \u201cb\u201d\u00a0\u00a0 e\u00a0 \u00a0\u201cc\u201d [&hellip;]<\/p>\n","protected":false},"author":96,"featured_media":0,"comment_status":"closed","ping_status":"closed","sticky":false,"template":"","format":"standard","meta":{"footnotes":""},"categories":[307],"tags":[],"class_list":["post-143722","post","type-post","status-publish","format-standard","hentry","category-editais"],"_links":{"self":[{"href":"https:\/\/diarioregionaldigital.com.br\/index.php?rest_route=\/wp\/v2\/posts\/143722","targetHints":{"allow":["GET"]}}],"collection":[{"href":"https:\/\/diarioregionaldigital.com.br\/index.php?rest_route=\/wp\/v2\/posts"}],"about":[{"href":"https:\/\/diarioregionaldigital.com.br\/index.php?rest_route=\/wp\/v2\/types\/post"}],"author":[{"embeddable":true,"href":"https:\/\/diarioregionaldigital.com.br\/index.php?rest_route=\/wp\/v2\/users\/96"}],"replies":[{"embeddable":true,"href":"https:\/\/diarioregionaldigital.com.br\/index.php?rest_route=%2Fwp%2Fv2%2Fcomments&post=143722"}],"version-history":[{"count":0,"href":"https:\/\/diarioregionaldigital.com.br\/index.php?rest_route=\/wp\/v2\/posts\/143722\/revisions"}],"wp:attachment":[{"href":"https:\/\/diarioregionaldigital.com.br\/index.php?rest_route=%2Fwp%2Fv2%2Fmedia&parent=143722"}],"wp:term":[{"taxonomy":"category","embeddable":true,"href":"https:\/\/diarioregionaldigital.com.br\/index.php?rest_route=%2Fwp%2Fv2%2Fcategories&post=143722"},{"taxonomy":"post_tag","embeddable":true,"href":"https:\/\/diarioregionaldigital.com.br\/index.php?rest_route=%2Fwp%2Fv2%2Ftags&post=143722"}],"curies":[{"name":"wp","href":"https:\/\/api.w.org\/{rel}","templated":true}]}}