{"id":143720,"date":"2019-07-12T06:00:03","date_gmt":"2019-07-12T09:00:03","guid":{"rendered":"https:\/\/diarioregionaldigital.com.br\/?p=143720"},"modified":"2019-07-11T19:19:07","modified_gmt":"2019-07-11T22:19:07","slug":"carta-convite-2a-eleicao-12-07-19","status":"publish","type":"post","link":"https:\/\/diarioregionaldigital.com.br\/?p=143720","title":{"rendered":"Carta Convite 2\u00aa Elei\u00e7\u00e3o &#8211; 12\/07\/19"},"content":{"rendered":"<p style=\"text-align: center;\"><strong>CARTA CONVITE<\/strong><\/p>\n<p style=\"text-align: center;\">Prezados moradores dos bairros da Zona Leste de Juiz de Fora\/MG.Temos a grata satisfa\u00e7\u00e3o de convid\u00e1-los para a <strong>Assembleia de Composi\u00e7\u00e3o de Chapa e Elei\u00e7\u00e3o do Conselho Comunit\u00e1rio de Seguran\u00e7a P\u00fablica da Zona Leste de Juiz de Fora\/MG (CONSEP ZL)<\/strong>,que ser\u00e1 realizada no D<strong>ia<\/strong>: 15\/07\/2019; <strong>Hora<\/strong>: 19h30min \u00e0s 21h30min. na Rua Am\u00e9rico Luz, n\u00ba 443, Bairro Bairu, Juiz de Fora\/MG.<\/p>\n<p>Informamos que a <strong>pauta<\/strong> da Assembleia ser\u00e1 a seguinte:<\/p>\n<p>&#8211; Composi\u00e7\u00e3o de chapa e elei\u00e7\u00e3o para os cargos de presidente e vice-presidente, bem como para os conselhos fiscal e deliberativo do CONSEP ZL. (De 19h30min \u00e0s 20h30min);<\/p>\n<p>&#8211; Posse dos novos eleitos. (De 20h30min \u00e0s 21h30min)<\/p>\n<p>Contamos com a presen\u00e7a de todos!<\/p>\n<p>Atenciosamente,<\/p>\n<p>Silvania Reginaldo Paulino -Presidente<\/p>\n<p>Vanilsa Oliveira de Mesquita-Vice-Presidente<\/p>\n<p>Ernane Dias da Cunha Pedrosa &#8211; Diretor Financeiro<\/p>\n<p>Juiz de Fora\/MG, 25 de junho de 2019.<\/p>\n","protected":false},"excerpt":{"rendered":"<p>CARTA CONVITE Prezados moradores dos bairros da Zona Leste de Juiz de Fora\/MG.Temos a grata satisfa\u00e7\u00e3o de convid\u00e1-los para a Assembleia de Composi\u00e7\u00e3o de Chapa e Elei\u00e7\u00e3o do Conselho Comunit\u00e1rio de Seguran\u00e7a P\u00fablica da Zona Leste de Juiz de Fora\/MG (CONSEP ZL),que ser\u00e1 realizada no Dia: 15\/07\/2019; Hora: 19h30min \u00e0s 21h30min. na Rua Am\u00e9rico Luz, [&hellip;]<\/p>\n","protected":false},"author":96,"featured_media":0,"comment_status":"closed","ping_status":"closed","sticky":false,"template":"","format":"standard","meta":{"footnotes":""},"categories":[307],"tags":[],"class_list":["post-143720","post","type-post","status-publish","format-standard","hentry","category-editais"],"_links":{"self":[{"href":"https:\/\/diarioregionaldigital.com.br\/index.php?rest_route=\/wp\/v2\/posts\/143720","targetHints":{"allow":["GET"]}}],"collection":[{"href":"https:\/\/diarioregionaldigital.com.br\/index.php?rest_route=\/wp\/v2\/posts"}],"about":[{"href":"https:\/\/diarioregionaldigital.com.br\/index.php?rest_route=\/wp\/v2\/types\/post"}],"author":[{"embeddable":true,"href":"https:\/\/diarioregionaldigital.com.br\/index.php?rest_route=\/wp\/v2\/users\/96"}],"replies":[{"embeddable":true,"href":"https:\/\/diarioregionaldigital.com.br\/index.php?rest_route=%2Fwp%2Fv2%2Fcomments&post=143720"}],"version-history":[{"count":0,"href":"https:\/\/diarioregionaldigital.com.br\/index.php?rest_route=\/wp\/v2\/posts\/143720\/revisions"}],"wp:attachment":[{"href":"https:\/\/diarioregionaldigital.com.br\/index.php?rest_route=%2Fwp%2Fv2%2Fmedia&parent=143720"}],"wp:term":[{"taxonomy":"category","embeddable":true,"href":"https:\/\/diarioregionaldigital.com.br\/index.php?rest_route=%2Fwp%2Fv2%2Fcategories&post=143720"},{"taxonomy":"post_tag","embeddable":true,"href":"https:\/\/diarioregionaldigital.com.br\/index.php?rest_route=%2Fwp%2Fv2%2Ftags&post=143720"}],"curies":[{"name":"wp","href":"https:\/\/api.w.org\/{rel}","templated":true}]}}