{"id":143714,"date":"2019-07-12T06:00:39","date_gmt":"2019-07-12T09:00:39","guid":{"rendered":"https:\/\/diarioregionaldigital.com.br\/?p=143714"},"modified":"2019-07-11T19:16:32","modified_gmt":"2019-07-11T22:16:32","slug":"camara-municipal-de-matias-barbosa-pregao-no07-12-07-19","status":"publish","type":"post","link":"https:\/\/diarioregionaldigital.com.br\/?p=143714","title":{"rendered":"C\u00e2mara Municipal de Matias Barbosa &#8211; Preg\u00e3o n\u00ba07 &#8211; 12\/07\/19"},"content":{"rendered":"<p style=\"text-align: center;\"><strong>C\u00c2MARA MUNICIPAL DE MATIAS BARBOSA &#8211; MG<\/strong><\/p>\n<p style=\"text-align: center;\"><strong>AVISO DE LICITA\u00c7\u00c3O<\/strong><\/p>\n<p style=\"text-align: center;\"><strong>PROCESSO LICITAT\u00d3RIO N\u00ba. 50\/2019<\/strong><\/p>\n<p style=\"text-align: center;\"><strong>PREG\u00c3O N\u00ba. 07\/2019<\/strong><\/p>\n<p><strong>OBJETO<\/strong>: Registro de Pre\u00e7os, visando \u00e0 aquisi\u00e7\u00e3o de materiais gr\u00e1ficos compreendendo lona, l\u00e2minas impressas, placas de PVC, cat\u00e1logos, adesivos e jornal informativo impresso para a C\u00e2mara Municipal de Matias Barbosa a serem entregues de forma parcelada em conformidade com as condi\u00e7\u00f5es, especifica\u00e7\u00f5es e exig\u00eancias estabelecidas neste edital e de seus anexos. <strong>SETOR REQUISITANTE: <\/strong>Presid\u00eancia da C\u00e2mara Municipal de Matias Barbosa<\/p>\n<p style=\"text-align: left;\"><strong>ENTREGA E ABERTURA DOS ENVELOPES DE \u201cHABILITA\u00c7\u00c3O\u201d E \u201cPROPOSTA COMERCIAL\u201d:<\/strong><\/p>\n<p><strong>DATA<\/strong>: 05\/08\/2019 <strong>HOR\u00c1RIO<\/strong>: 09:00 Horas <strong>LOCAL: <\/strong>Sala de reuni\u00f5es da C\u00e2mara Municipal de Matias Barbosa, situada na Avenida Engenheiro Paulo Brand\u00e3o, n\u00b0. 380, Parque dos Sabi\u00e1s, na cidade de Matias Barbosa \u2013 MG. CEP:36.120-000.<\/p>\n<p style=\"text-align: left;\"><strong>CONSULTAS AO EDITAL E DIVULGA\u00c7\u00c3O DE INFORMA\u00c7\u00d5ES:<\/strong><\/p>\n<p><strong>No site <\/strong>C\u00e2mara Municipal: <a href=\"http:\/\/www.matiasbarbosa.mg.leg.br\/\">www.matiasbarbosa.mg.leg.br<\/a> <strong>ESCLARECIMENTOS<\/strong>: Eventuais d\u00favidas podem ser esclarecidas atrav\u00e9s do e-mail: <a href=\"mailto:licitacao@matiasbarbosa.mg.leg.br\">licitacao@matiasbarbosa.mg.leg.br<\/a>, e do tel: (32) 3273 \u2013 5719.<\/p>\n","protected":false},"excerpt":{"rendered":"<p>C\u00c2MARA MUNICIPAL DE MATIAS BARBOSA &#8211; MG AVISO DE LICITA\u00c7\u00c3O PROCESSO LICITAT\u00d3RIO N\u00ba. 50\/2019 PREG\u00c3O N\u00ba. 07\/2019 OBJETO: Registro de Pre\u00e7os, visando \u00e0 aquisi\u00e7\u00e3o de materiais gr\u00e1ficos compreendendo lona, l\u00e2minas impressas, placas de PVC, cat\u00e1logos, adesivos e jornal informativo impresso para a C\u00e2mara Municipal de Matias Barbosa a serem entregues de forma parcelada em conformidade [&hellip;]<\/p>\n","protected":false},"author":96,"featured_media":0,"comment_status":"closed","ping_status":"closed","sticky":false,"template":"","format":"standard","meta":{"footnotes":""},"categories":[307],"tags":[],"class_list":["post-143714","post","type-post","status-publish","format-standard","hentry","category-editais"],"_links":{"self":[{"href":"https:\/\/diarioregionaldigital.com.br\/index.php?rest_route=\/wp\/v2\/posts\/143714","targetHints":{"allow":["GET"]}}],"collection":[{"href":"https:\/\/diarioregionaldigital.com.br\/index.php?rest_route=\/wp\/v2\/posts"}],"about":[{"href":"https:\/\/diarioregionaldigital.com.br\/index.php?rest_route=\/wp\/v2\/types\/post"}],"author":[{"embeddable":true,"href":"https:\/\/diarioregionaldigital.com.br\/index.php?rest_route=\/wp\/v2\/users\/96"}],"replies":[{"embeddable":true,"href":"https:\/\/diarioregionaldigital.com.br\/index.php?rest_route=%2Fwp%2Fv2%2Fcomments&post=143714"}],"version-history":[{"count":0,"href":"https:\/\/diarioregionaldigital.com.br\/index.php?rest_route=\/wp\/v2\/posts\/143714\/revisions"}],"wp:attachment":[{"href":"https:\/\/diarioregionaldigital.com.br\/index.php?rest_route=%2Fwp%2Fv2%2Fmedia&parent=143714"}],"wp:term":[{"taxonomy":"category","embeddable":true,"href":"https:\/\/diarioregionaldigital.com.br\/index.php?rest_route=%2Fwp%2Fv2%2Fcategories&post=143714"},{"taxonomy":"post_tag","embeddable":true,"href":"https:\/\/diarioregionaldigital.com.br\/index.php?rest_route=%2Fwp%2Fv2%2Ftags&post=143714"}],"curies":[{"name":"wp","href":"https:\/\/api.w.org\/{rel}","templated":true}]}}