{"id":143703,"date":"2019-07-12T06:00:07","date_gmt":"2019-07-12T09:00:07","guid":{"rendered":"https:\/\/diarioregionaldigital.com.br\/?p=143703"},"modified":"2019-07-11T18:40:41","modified_gmt":"2019-07-11T21:40:41","slug":"dia-d-5","status":"publish","type":"post","link":"https:\/\/diarioregionaldigital.com.br\/?p=143703","title":{"rendered":"\u201cDia D\u201c"},"content":{"rendered":"<p style=\"text-align: center;\"><strong>Parab\u00e9ns<\/strong><\/p>\n<p style=\"text-align: center;\">Hoje o Di\u00e1rio Regional completa 25 anos tra\u00e7ando a historia de Juiz de Fora e regi\u00e3o. Este colunista atua por muitos anos fazendo a coluna social recebendo todos os pr\u00eamios de credibilidade na cidade e sendo alvo de enredo de escola de samba e homenagem da Ma\u00e7onaria Caridade e Firmeza. As honrarias foram pelos trabalhos realizados no Di\u00e1rio Regional ficando, portanto, a minha eterna gratid\u00e3o.<\/p>\n<p style=\"text-align: center;\"><strong>Show<\/strong><\/p>\n<p style=\"text-align: center;\">A ribalta do Theatro Central estar\u00e1 iluminada no s\u00e1bado, 13, \u00e0s 16h, para o show do Bita. Personagens do Mundo Bita apresentam \u201cViva as descobertas\u201d. S\u00e3o 15 hits e pela primeira vez, a can\u00e7\u00e3o \u201cTrem das Esta\u00e7\u00f5es\u201d ser\u00e1 inclu\u00edda al\u00e9m das faixas do \u00e1lbum \u201cBita \u00e9 o nosso mundo\u201d. Imperd\u00edvel!<\/p>\n<p style=\"text-align: center;\"><strong>Estrela Maior<\/strong><\/p>\n<p style=\"text-align: center;\">No auge de seus 89 anos, a cantora Elza Soares, apesar de ainda estar em cartaz com a turn\u00ea com o disco \u201cDeus \u00e9 Mulher\u201d, lan\u00e7a em 13 de setembro o seu novo \u00e1lbum \u201cPlaneta Fome\u201d. Um m\u00eas antes manda para as plataformas digitais o single \u201cLiberta\u00e7\u00e3o\u201d, can\u00e7\u00e3o composta por Russo Passapusso, vocalista do Baiana System.<\/p>\n<p style=\"text-align: center;\"><strong>Chique<\/strong><\/p>\n<p style=\"text-align: center;\">O inverno chegou chegando. Para apresentar sua primeira cole\u00e7\u00e3o Virginie Vlard em sua alta costura para a Chanel sem Karl Lagerfeld, evidenciou apurad\u00edssimo bom gosto propondo qualidade nos casaquetos de mangas arredondadas, cal\u00e7as pantalonas e vestidos de festa bordados e flu\u00eddos.<\/p>\n<p style=\"text-align: center;\"><span style=\"font-size: 14pt;\"><strong>\u201cDia D\u201c<\/strong><\/span><\/p>\n<p style=\"text-align: center;\">A sess\u00e3o flor de laranjeira do elegante casal Luciane Abreu e Igor Silva na Igreja Santa Filomena no Quintas da Avenida, foi emocionante. O ponto alto da finesse foi na recep\u00e7\u00e3o na casa de festa Orizzonte. As fotos registram.<\/p>\n<div id=\"attachment_143673\" style=\"width: 690px\" class=\"wp-caption aligncenter\"><img loading=\"lazy\" decoding=\"async\" aria-describedby=\"caption-attachment-143673\" class=\"wp-image-143673\" src=\"https:\/\/diarioregionaldigital.com.br\/wp-content\/uploads\/2019\/07\/fotoa-8-e1562879825433.jpg\" alt=\"\" width=\"680\" height=\"523\" srcset=\"https:\/\/diarioregionaldigital.com.br\/wp-content\/uploads\/2019\/07\/fotoa-8-e1562879825433.jpg 1168w, https:\/\/diarioregionaldigital.com.br\/wp-content\/uploads\/2019\/07\/fotoa-8-e1562879825433-300x231.jpg 300w, https:\/\/diarioregionaldigital.com.br\/wp-content\/uploads\/2019\/07\/fotoa-8-e1562879825433-768x591.jpg 768w, https:\/\/diarioregionaldigital.com.br\/wp-content\/uploads\/2019\/07\/fotoa-8-e1562879825433-1024x788.jpg 1024w, https:\/\/diarioregionaldigital.com.br\/wp-content\/uploads\/2019\/07\/fotoa-8-e1562879825433-360x277.jpg 360w\" sizes=\"auto, (max-width: 680px) 100vw, 680px\" \/><p id=\"caption-attachment-143673\" class=\"wp-caption-text\">Os noivos, Igor Silva e Luciane Abreu<\/p><\/div>\n<div id=\"attachment_143674\" style=\"width: 690px\" class=\"wp-caption aligncenter\"><img loading=\"lazy\" decoding=\"async\" aria-describedby=\"caption-attachment-143674\" class=\"wp-image-143674\" src=\"https:\/\/diarioregionaldigital.com.br\/wp-content\/uploads\/2019\/07\/fotob-7-e1562879850185.jpg\" alt=\"\" width=\"680\" height=\"524\" srcset=\"https:\/\/diarioregionaldigital.com.br\/wp-content\/uploads\/2019\/07\/fotob-7-e1562879850185.jpg 1169w, https:\/\/diarioregionaldigital.com.br\/wp-content\/uploads\/2019\/07\/fotob-7-e1562879850185-300x231.jpg 300w, https:\/\/diarioregionaldigital.com.br\/wp-content\/uploads\/2019\/07\/fotob-7-e1562879850185-768x591.jpg 768w, https:\/\/diarioregionaldigital.com.br\/wp-content\/uploads\/2019\/07\/fotob-7-e1562879850185-1024x788.jpg 1024w, https:\/\/diarioregionaldigital.com.br\/wp-content\/uploads\/2019\/07\/fotob-7-e1562879850185-360x277.jpg 360w\" sizes=\"auto, (max-width: 680px) 100vw, 680px\" \/><p id=\"caption-attachment-143674\" class=\"wp-caption-text\">Alzira Mendes, Maria do Carmo Mendes e Emanuel Mendes Abreu<\/p><\/div>\n<div id=\"attachment_143675\" style=\"width: 690px\" class=\"wp-caption aligncenter\"><img loading=\"lazy\" decoding=\"async\" aria-describedby=\"caption-attachment-143675\" class=\"wp-image-143675\" src=\"https:\/\/diarioregionaldigital.com.br\/wp-content\/uploads\/2019\/07\/fotoc-7-e1562879886902.jpg\" alt=\"\" width=\"680\" height=\"520\" srcset=\"https:\/\/diarioregionaldigital.com.br\/wp-content\/uploads\/2019\/07\/fotoc-7-e1562879886902.jpg 1176w, https:\/\/diarioregionaldigital.com.br\/wp-content\/uploads\/2019\/07\/fotoc-7-e1562879886902-300x230.jpg 300w, https:\/\/diarioregionaldigital.com.br\/wp-content\/uploads\/2019\/07\/fotoc-7-e1562879886902-768x588.jpg 768w, https:\/\/diarioregionaldigital.com.br\/wp-content\/uploads\/2019\/07\/fotoc-7-e1562879886902-1024x784.jpg 1024w, https:\/\/diarioregionaldigital.com.br\/wp-content\/uploads\/2019\/07\/fotoc-7-e1562879886902-360x276.jpg 360w\" sizes=\"auto, (max-width: 680px) 100vw, 680px\" \/><p id=\"caption-attachment-143675\" class=\"wp-caption-text\">Maria Eduarda e Bruno Hargreaves<\/p><\/div>\n<div id=\"attachment_143676\" style=\"width: 690px\" class=\"wp-caption aligncenter\"><img loading=\"lazy\" decoding=\"async\" aria-describedby=\"caption-attachment-143676\" class=\"wp-image-143676\" src=\"https:\/\/diarioregionaldigital.com.br\/wp-content\/uploads\/2019\/07\/fotod-7-e1562879920985.jpg\" alt=\"\" width=\"680\" height=\"594\" srcset=\"https:\/\/diarioregionaldigital.com.br\/wp-content\/uploads\/2019\/07\/fotod-7-e1562879920985.jpg 869w, https:\/\/diarioregionaldigital.com.br\/wp-content\/uploads\/2019\/07\/fotod-7-e1562879920985-300x262.jpg 300w, https:\/\/diarioregionaldigital.com.br\/wp-content\/uploads\/2019\/07\/fotod-7-e1562879920985-768x671.jpg 768w, https:\/\/diarioregionaldigital.com.br\/wp-content\/uploads\/2019\/07\/fotod-7-e1562879920985-360x314.jpg 360w\" sizes=\"auto, (max-width: 680px) 100vw, 680px\" \/><p id=\"caption-attachment-143676\" class=\"wp-caption-text\">Sandro e M\u00f4nica Abreu<\/p><\/div>\n<div id=\"attachment_143677\" style=\"width: 690px\" class=\"wp-caption aligncenter\"><img loading=\"lazy\" decoding=\"async\" aria-describedby=\"caption-attachment-143677\" class=\"wp-image-143677\" src=\"https:\/\/diarioregionaldigital.com.br\/wp-content\/uploads\/2019\/07\/fotoe-7-e1562879949506.jpg\" alt=\"\" width=\"680\" height=\"524\" srcset=\"https:\/\/diarioregionaldigital.com.br\/wp-content\/uploads\/2019\/07\/fotoe-7-e1562879949506.jpg 1169w, https:\/\/diarioregionaldigital.com.br\/wp-content\/uploads\/2019\/07\/fotoe-7-e1562879949506-300x231.jpg 300w, https:\/\/diarioregionaldigital.com.br\/wp-content\/uploads\/2019\/07\/fotoe-7-e1562879949506-768x591.jpg 768w, https:\/\/diarioregionaldigital.com.br\/wp-content\/uploads\/2019\/07\/fotoe-7-e1562879949506-1024x788.jpg 1024w, https:\/\/diarioregionaldigital.com.br\/wp-content\/uploads\/2019\/07\/fotoe-7-e1562879949506-360x277.jpg 360w\" sizes=\"auto, (max-width: 680px) 100vw, 680px\" \/><p id=\"caption-attachment-143677\" class=\"wp-caption-text\">Leila Reink, Carla Abreu e Adriana Andrade<\/p><\/div>\n<div id=\"attachment_143678\" style=\"width: 690px\" class=\"wp-caption aligncenter\"><img loading=\"lazy\" decoding=\"async\" aria-describedby=\"caption-attachment-143678\" class=\"wp-image-143678\" src=\"https:\/\/diarioregionaldigital.com.br\/wp-content\/uploads\/2019\/07\/fotof-7-e1562880776171.jpg\" alt=\"\" width=\"680\" height=\"520\" srcset=\"https:\/\/diarioregionaldigital.com.br\/wp-content\/uploads\/2019\/07\/fotof-7-e1562880776171.jpg 1176w, https:\/\/diarioregionaldigital.com.br\/wp-content\/uploads\/2019\/07\/fotof-7-e1562880776171-300x229.jpg 300w, https:\/\/diarioregionaldigital.com.br\/wp-content\/uploads\/2019\/07\/fotof-7-e1562880776171-768x587.jpg 768w, https:\/\/diarioregionaldigital.com.br\/wp-content\/uploads\/2019\/07\/fotof-7-e1562880776171-1024x783.jpg 1024w, https:\/\/diarioregionaldigital.com.br\/wp-content\/uploads\/2019\/07\/fotof-7-e1562880776171-360x275.jpg 360w\" sizes=\"auto, (max-width: 680px) 100vw, 680px\" \/><p id=\"caption-attachment-143678\" class=\"wp-caption-text\">Renata Hargreaves e Graziela Hargreaves<\/p><\/div>\n<div id=\"attachment_143679\" style=\"width: 690px\" class=\"wp-caption aligncenter\"><img loading=\"lazy\" decoding=\"async\" aria-describedby=\"caption-attachment-143679\" class=\"wp-image-143679\" src=\"https:\/\/diarioregionaldigital.com.br\/wp-content\/uploads\/2019\/07\/fotog-5.jpg\" alt=\"\" width=\"680\" height=\"454\" srcset=\"https:\/\/diarioregionaldigital.com.br\/wp-content\/uploads\/2019\/07\/fotog-5.jpg 1758w, https:\/\/diarioregionaldigital.com.br\/wp-content\/uploads\/2019\/07\/fotog-5-300x201.jpg 300w, https:\/\/diarioregionaldigital.com.br\/wp-content\/uploads\/2019\/07\/fotog-5-768x513.jpg 768w, https:\/\/diarioregionaldigital.com.br\/wp-content\/uploads\/2019\/07\/fotog-5-1024x684.jpg 1024w, https:\/\/diarioregionaldigital.com.br\/wp-content\/uploads\/2019\/07\/fotog-5-360x241.jpg 360w\" sizes=\"auto, (max-width: 680px) 100vw, 680px\" \/><p id=\"caption-attachment-143679\" class=\"wp-caption-text\">Sidney Souza, Carla Abreu, Isabel Vaz, Marcos Reink, Myrliane Le\u00e3o e Cac\u00e1 Salermo<\/p><\/div>\n<div id=\"attachment_143680\" style=\"width: 690px\" class=\"wp-caption aligncenter\"><img loading=\"lazy\" decoding=\"async\" aria-describedby=\"caption-attachment-143680\" class=\"wp-image-143680\" src=\"https:\/\/diarioregionaldigital.com.br\/wp-content\/uploads\/2019\/07\/fotoh-7-e1562880813517.jpg\" alt=\"\" width=\"680\" height=\"550\" srcset=\"https:\/\/diarioregionaldigital.com.br\/wp-content\/uploads\/2019\/07\/fotoh-7-e1562880813517.jpg 1173w, https:\/\/diarioregionaldigital.com.br\/wp-content\/uploads\/2019\/07\/fotoh-7-e1562880813517-300x243.jpg 300w, https:\/\/diarioregionaldigital.com.br\/wp-content\/uploads\/2019\/07\/fotoh-7-e1562880813517-768x621.jpg 768w, https:\/\/diarioregionaldigital.com.br\/wp-content\/uploads\/2019\/07\/fotoh-7-e1562880813517-1024x828.jpg 1024w, https:\/\/diarioregionaldigital.com.br\/wp-content\/uploads\/2019\/07\/fotoh-7-e1562880813517-360x291.jpg 360w\" sizes=\"auto, (max-width: 680px) 100vw, 680px\" \/><p id=\"caption-attachment-143680\" class=\"wp-caption-text\">Myrliane Le\u00e3o e Carla Abreu<\/p><\/div>\n<div id=\"attachment_143681\" style=\"width: 690px\" class=\"wp-caption aligncenter\"><img loading=\"lazy\" decoding=\"async\" aria-describedby=\"caption-attachment-143681\" class=\"wp-image-143681\" src=\"https:\/\/diarioregionaldigital.com.br\/wp-content\/uploads\/2019\/07\/fotoi-8.jpg\" alt=\"\" width=\"680\" height=\"452\" srcset=\"https:\/\/diarioregionaldigital.com.br\/wp-content\/uploads\/2019\/07\/fotoi-8.jpg 1770w, https:\/\/diarioregionaldigital.com.br\/wp-content\/uploads\/2019\/07\/fotoi-8-300x199.jpg 300w, https:\/\/diarioregionaldigital.com.br\/wp-content\/uploads\/2019\/07\/fotoi-8-768x510.jpg 768w, https:\/\/diarioregionaldigital.com.br\/wp-content\/uploads\/2019\/07\/fotoi-8-1024x680.jpg 1024w, https:\/\/diarioregionaldigital.com.br\/wp-content\/uploads\/2019\/07\/fotoi-8-360x239.jpg 360w\" sizes=\"auto, (max-width: 680px) 100vw, 680px\" \/><p id=\"caption-attachment-143681\" class=\"wp-caption-text\">Sidney Souza, Marcos Reink, Carla Abreu, Adriana Andrade, os noivos Luciane Abreu e Igor Silva<\/p><\/div>\n<div id=\"attachment_143682\" style=\"width: 690px\" class=\"wp-caption aligncenter\"><img loading=\"lazy\" decoding=\"async\" aria-describedby=\"caption-attachment-143682\" class=\"wp-image-143682\" src=\"https:\/\/diarioregionaldigital.com.br\/wp-content\/uploads\/2019\/07\/fotoj-6-e1562880843991.jpg\" alt=\"\" width=\"680\" height=\"525\" srcset=\"https:\/\/diarioregionaldigital.com.br\/wp-content\/uploads\/2019\/07\/fotoj-6-e1562880843991.jpg 1165w, https:\/\/diarioregionaldigital.com.br\/wp-content\/uploads\/2019\/07\/fotoj-6-e1562880843991-300x232.jpg 300w, https:\/\/diarioregionaldigital.com.br\/wp-content\/uploads\/2019\/07\/fotoj-6-e1562880843991-768x593.jpg 768w, https:\/\/diarioregionaldigital.com.br\/wp-content\/uploads\/2019\/07\/fotoj-6-e1562880843991-1024x791.jpg 1024w, https:\/\/diarioregionaldigital.com.br\/wp-content\/uploads\/2019\/07\/fotoj-6-e1562880843991-360x278.jpg 360w\" sizes=\"auto, (max-width: 680px) 100vw, 680px\" \/><p id=\"caption-attachment-143682\" class=\"wp-caption-text\">Os elegantes, Marcos Reink, Carla Abreu, Isabel Vaz, Myrliane Le\u00e3o e Patr\u00edcia Vaz<\/p><\/div>\n<p style=\"text-align: center;\"><strong>FOTOSS\u00cdNTESE<\/strong><\/p>\n<p>Em momento especial em sua carreira a diva Sandra Portella \u00e9 a atra\u00e7\u00e3o no s\u00e1bado, 13 de julho, de 16 \u00e0s 19, no Bar do Zeca Pagodinho, no Vogue Square, na Barra da Tijuca (RJ).<\/p>\n<p>Carism\u00e1tico e talentoso, o cantor Paulinho Pedra Azul faz show dia 21 de setembro, \u00e0s 21h, no Cine-Theatro Central.<\/p>\n<p>O Rocket Club abre aos domingos, a partir das 19h, com Bar com Karaok\u00ea. L\u00e1 pode soltar a voz e dar vida a estrela que vive dentro de todos.<\/p>\n<p>De qualidade inigual\u00e1vel, queijos mineiros levam 11 medalhas (inclusive de ouro) em evento internacional na Fran\u00e7a.<\/p>\n<p>Gilmara Rocha est\u00e1 em Bras\u00edlia e depois segue para S\u00e3o Paulo. Na bagagem: business.<\/p>\n<p>Aniversariante de destaque do m\u00eas, o apresentador L\u00e9o Peixoto vai festejar domingo (14) com evento Anivers\u00e1rio Solid\u00e1rio, com roda de samba e feijoada com 10% da consuma\u00e7\u00e3o para a Ascomcer. Ser\u00e1 no Aero Planet.<\/p>\n<p>Para esta 6\u00aa feira, no Danks Pub, o Rap Luccas Carlos recebe RT Mallone, Tain\u00e1 Kryia, Marcelo Marts e Eventon Beatmaker para noite dan\u00e7ante quebra tudo. As 22h (abertura da casa).<\/p>\n<p>O Terrazzo vai estremecer no s\u00e1bado, 13, para o evento Antu\u00e9rpia Rock Festival, \u00e0s 21h. No palco Frejat e a Blitz.<\/p>\n<p>O Cultural Bar apresenta no s\u00e1bado, 13, o gostoso forr\u00f3 da banda S\u00f3 Parent, com abertura da casa \u00e0s 23h.<\/p>\n<p>A bonita Marion Rodrigues arrasou quarteir\u00e3o na sexta do Boca Mi\u00fada, no Restaurante Pal\u00e1cio.<\/p>\n<p>Papo reto: Deixa eu te contar um segredo: se voc\u00ea n\u00e3o for atr\u00e1s do que quer ningu\u00e9m vai fazer isso por voc\u00ea! Bom dia.<\/p>\n<p><img loading=\"lazy\" decoding=\"async\" class=\"aligncenter size-full wp-image-143531\" src=\"https:\/\/diarioregionaldigital.com.br\/wp-content\/uploads\/2019\/07\/Painel_6x13.jpg\" alt=\"\" width=\"3498\" height=\"1548\" srcset=\"https:\/\/diarioregionaldigital.com.br\/wp-content\/uploads\/2019\/07\/Painel_6x13.jpg 3498w, https:\/\/diarioregionaldigital.com.br\/wp-content\/uploads\/2019\/07\/Painel_6x13-300x133.jpg 300w, https:\/\/diarioregionaldigital.com.br\/wp-content\/uploads\/2019\/07\/Painel_6x13-768x340.jpg 768w, https:\/\/diarioregionaldigital.com.br\/wp-content\/uploads\/2019\/07\/Painel_6x13-1024x453.jpg 1024w, https:\/\/diarioregionaldigital.com.br\/wp-content\/uploads\/2019\/07\/Painel_6x13-360x159.jpg 360w\" sizes=\"auto, (max-width: 3498px) 100vw, 3498px\" \/><\/p>\n","protected":false},"excerpt":{"rendered":"<p>Parab\u00e9ns Hoje o Di\u00e1rio Regional completa 25 anos tra\u00e7ando a historia de Juiz de Fora e regi\u00e3o. Este colunista atua por muitos anos fazendo a coluna social recebendo todos os pr\u00eamios de credibilidade na cidade e sendo alvo de enredo de escola de samba e homenagem da Ma\u00e7onaria Caridade e Firmeza. As honrarias foram pelos [&hellip;]<\/p>\n","protected":false},"author":96,"featured_media":0,"comment_status":"closed","ping_status":"closed","sticky":false,"template":"","format":"standard","meta":{"footnotes":""},"categories":[264],"tags":[],"class_list":["post-143703","post","type-post","status-publish","format-standard","hentry","category-eduardo-gomes"],"_links":{"self":[{"href":"https:\/\/diarioregionaldigital.com.br\/index.php?rest_route=\/wp\/v2\/posts\/143703","targetHints":{"allow":["GET"]}}],"collection":[{"href":"https:\/\/diarioregionaldigital.com.br\/index.php?rest_route=\/wp\/v2\/posts"}],"about":[{"href":"https:\/\/diarioregionaldigital.com.br\/index.php?rest_route=\/wp\/v2\/types\/post"}],"author":[{"embeddable":true,"href":"https:\/\/diarioregionaldigital.com.br\/index.php?rest_route=\/wp\/v2\/users\/96"}],"replies":[{"embeddable":true,"href":"https:\/\/diarioregionaldigital.com.br\/index.php?rest_route=%2Fwp%2Fv2%2Fcomments&post=143703"}],"version-history":[{"count":0,"href":"https:\/\/diarioregionaldigital.com.br\/index.php?rest_route=\/wp\/v2\/posts\/143703\/revisions"}],"wp:attachment":[{"href":"https:\/\/diarioregionaldigital.com.br\/index.php?rest_route=%2Fwp%2Fv2%2Fmedia&parent=143703"}],"wp:term":[{"taxonomy":"category","embeddable":true,"href":"https:\/\/diarioregionaldigital.com.br\/index.php?rest_route=%2Fwp%2Fv2%2Fcategories&post=143703"},{"taxonomy":"post_tag","embeddable":true,"href":"https:\/\/diarioregionaldigital.com.br\/index.php?rest_route=%2Fwp%2Fv2%2Ftags&post=143703"}],"curies":[{"name":"wp","href":"https:\/\/api.w.org\/{rel}","templated":true}]}}