{"id":143665,"date":"2019-07-14T06:00:22","date_gmt":"2019-07-14T09:00:22","guid":{"rendered":"https:\/\/diarioregionaldigital.com.br\/?p=143665"},"modified":"2019-07-11T15:33:43","modified_gmt":"2019-07-11T18:33:43","slug":"a-perda-do-rei-salomao","status":"publish","type":"post","link":"https:\/\/diarioregionaldigital.com.br\/?p=143665","title":{"rendered":"A PERDA DO REI SALOM\u00c3O"},"content":{"rendered":"<p>Salom\u00e3o Schvartzman foi uma das maiores figuras do jornalismo brasileiro.\u00a0 Nascido em Niter\u00f3i (de que muito se orgulhava), filho do seu Jaime, que era dono de uma loja de m\u00f3veis no Engenho Novo, entrou para o jornalismo pelas portas de O Globo, onde come\u00e7ou como rep\u00f3rter.<\/p>\n<p>Conheceu Adolpho Bloch numa feira de ind\u00fastria gr\u00e1fica, na Alemanha, quando recebeu o convite para trabalhar na Manchete, o que aconteceu por mais de 30 anos.\u00a0 Anos felizes, podemos garantir sem qualquer d\u00favida.\u00a0 Salom\u00e3o dirigiu a sucursal de S\u00e3o Paulo, com muita compet\u00eancia.\u00a0 Nos seus discursos, Adolpho costumava homenagear o consagrado jornalista com o t\u00edtulo de \u201crei Salom\u00e3o\u201d.\u00a0 Todos riam dessa brincadeira.<\/p>\n<p>Sempre tive por ele grande amizade e at\u00e9 uma dosagem elevada de confidencialidade.\u00a0 Fal\u00e1vamos praticamente todos os dias, para al\u00e9m dos temas meramente profissionais.\u00a0 Por isso \u00e9 f\u00e1cil imaginar o quanto senti o seu falecimento, no \u00faltimo dia 6, no Hospital Albert Einstein. Apagou-se uma intelig\u00eancia fulgurante, que nos \u00faltimos anos trabalhava na Rede Band de R\u00e1dio.\u00a0 Era tamb\u00e9m um amante de m\u00fasica, tocando piano como se fosse um profissional.\u00a0 A sua falta ser\u00e1 sentida particularmente pela Ana, pelo filho Marcelo, pelos irm\u00e3os Nathan e Belinha, e por todos os seus incont\u00e1veis amigos.<\/p>\n<p>Ainda h\u00e1 pouco, o governador Jo\u00e3o D\u00f3ria foi homenageado com um bonito jantar, no Rio de Janeiro.\u00a0 Ao me ver, a primeira coisa que disse foi: \u201cComo vai o nosso Salom\u00e3o?\u201d\u00a0 Tinha por ele tamb\u00e9m uma grande estima.<\/p>\n<p>Lembro de um evento que promovi na Academia Brasileira de Letras, quando no exerc\u00edcio da presid\u00eancia da Casa de Machado de Assis.\u00a0 Entre os convidados para falar estava o Salom\u00e3o.\u00a0 O tema era \u201cA contribui\u00e7\u00e3o dos judeus ao desenvolvimento brasileiro\u201d.\u00a0 A palestra do meu amigo, formado em Direito e Sociologia, foi como sempre brilhante, arrancando do p\u00fablico demorados aplausos.\u00a0 Seu tema: \u201cA aventura de Gaspar da Gama\u201d foi desenvolvida com a compet\u00eancia de sempre:<\/p>\n<p>\u201cA hist\u00f3ria dos judeus na Pen\u00ednsula Ib\u00e9rica se confunde com a hist\u00f3ria dos descobrimentos&#8230; Sabemos que entre 1492 e 1496 os judeus peninsulares s\u00e3o perseguidos, expulsos ou for\u00e7ados a se converter ao cristianismo&#8230; Apesar de tudo eles resistiram e Gaspar da Gama ou Gaspar das \u00cdndias foi uma figura de contornos \u00e9picos&#8230; Ele descendia de uma fam\u00edlia de judeus poloneses, origin\u00e1rios da cidade de Posna, de onde fugiram da convers\u00e3o obrigat\u00f3ria e da Inquisi\u00e7\u00e3o. \u00a0Homem de a\u00e7\u00e3o e n\u00e3o de pensamentos, Gaspar da Gama tornou-se um dos principais nomes da hist\u00f3ria das expans\u00f5es portuguesas, chegando a ser decisivo, por exemplo, na descoberta do Brasil.\u00a0 Com ele se iniciou a hist\u00f3ria do Brasil portugu\u00eas, o que foi muito bem descrito nos estudos pioneiros de Elias Lipiner.\u201d<\/p>\n<p>Salom\u00e3o Schvartzman, excepcional ser humano, foi um grande jornalista e tamb\u00e9m um estudioso das quest\u00f5es judaicas, de preciosa contribui\u00e7\u00e3o \u00e0 nossa cultura.\u00a0 Desejo que ele, onde estiver, seja feliz, como sempre terminava suas cr\u00f4nicas.<\/p>\n","protected":false},"excerpt":{"rendered":"<p>Salom\u00e3o Schvartzman foi uma das maiores figuras do jornalismo brasileiro.\u00a0 Nascido em Niter\u00f3i (de que muito se orgulhava), filho do seu Jaime, que era dono de uma loja de m\u00f3veis no Engenho Novo, entrou para o jornalismo pelas portas de O Globo, onde come\u00e7ou como rep\u00f3rter. Conheceu Adolpho Bloch numa feira de ind\u00fastria gr\u00e1fica, na [&hellip;]<\/p>\n","protected":false},"author":96,"featured_media":96753,"comment_status":"closed","ping_status":"closed","sticky":false,"template":"","format":"standard","meta":{"footnotes":""},"categories":[275,435,439],"tags":[],"class_list":["post-143665","post","type-post","status-publish","format-standard","has-post-thumbnail","hentry","category-arnaldo-niskier","category-colunas","category-ultima-hora"],"_links":{"self":[{"href":"https:\/\/diarioregionaldigital.com.br\/index.php?rest_route=\/wp\/v2\/posts\/143665","targetHints":{"allow":["GET"]}}],"collection":[{"href":"https:\/\/diarioregionaldigital.com.br\/index.php?rest_route=\/wp\/v2\/posts"}],"about":[{"href":"https:\/\/diarioregionaldigital.com.br\/index.php?rest_route=\/wp\/v2\/types\/post"}],"author":[{"embeddable":true,"href":"https:\/\/diarioregionaldigital.com.br\/index.php?rest_route=\/wp\/v2\/users\/96"}],"replies":[{"embeddable":true,"href":"https:\/\/diarioregionaldigital.com.br\/index.php?rest_route=%2Fwp%2Fv2%2Fcomments&post=143665"}],"version-history":[{"count":0,"href":"https:\/\/diarioregionaldigital.com.br\/index.php?rest_route=\/wp\/v2\/posts\/143665\/revisions"}],"wp:featuredmedia":[{"embeddable":true,"href":"https:\/\/diarioregionaldigital.com.br\/index.php?rest_route=\/wp\/v2\/media\/96753"}],"wp:attachment":[{"href":"https:\/\/diarioregionaldigital.com.br\/index.php?rest_route=%2Fwp%2Fv2%2Fmedia&parent=143665"}],"wp:term":[{"taxonomy":"category","embeddable":true,"href":"https:\/\/diarioregionaldigital.com.br\/index.php?rest_route=%2Fwp%2Fv2%2Fcategories&post=143665"},{"taxonomy":"post_tag","embeddable":true,"href":"https:\/\/diarioregionaldigital.com.br\/index.php?rest_route=%2Fwp%2Fv2%2Ftags&post=143665"}],"curies":[{"name":"wp","href":"https:\/\/api.w.org\/{rel}","templated":true}]}}