{"id":143652,"date":"2019-07-14T06:00:20","date_gmt":"2019-07-14T09:00:20","guid":{"rendered":"https:\/\/diarioregionaldigital.com.br\/?p=143652"},"modified":"2019-07-11T15:05:10","modified_gmt":"2019-07-11T18:05:10","slug":"inflacao-da-terceira-idade-fica-em-097-no-segundo-trimestre-diz-fgv","status":"publish","type":"post","link":"https:\/\/diarioregionaldigital.com.br\/?p=143652","title":{"rendered":"Infla\u00e7\u00e3o da terceira idade fica em 0,97% no segundo trimestre, diz FGV"},"content":{"rendered":"<p>O \u00cdndice de Pre\u00e7os ao Consumidor da Terceira Idade (IPC-3i), que mede a varia\u00e7\u00e3o da cesta de consumo de pessoas com mais de 60 anos de idade, registrou infla\u00e7\u00e3o de 0,97% no segundo trimestre deste ano. A taxa \u00e9 inferior ao 1,49% do primeiro trimestre do ano. Segundo a Funda\u00e7\u00e3o Getulio Vargas (FGV), em 12 meses, o IPC-3i acumula taxa de 4%.<\/p>\n<p>Com este resultado, o IPC-3i acumulado em 12 meses ficou acima da taxa acumulada pelo \u00cdndice de Pre\u00e7os ao Consumidor Brasil (IPC-BR), que mede a varia\u00e7\u00e3o da cesta de consumo de todas as faixas et\u00e1rias e que foi 3,73%, no mesmo per\u00edodo.<\/p>\n<p>Quatro das oito classes de despesa componentes do \u00edndice registraram queda em suas taxas de varia\u00e7\u00e3o do primeiro para o segundo trimestre. O maior recuo veio do grupo alimenta\u00e7\u00e3o, cuja taxa caiu de 3,49% para 0,02% no per\u00edodo.<\/p>\n<p>Tamb\u00e9m contribu\u00edram para a queda da taxa do IPC-3i os grupos: habita\u00e7\u00e3o (de 1,46% para 0,79%), comunica\u00e7\u00e3o (de 0,17% para 0,13%) e despesas diversas (de 0,69% para 0,68%).<\/p>\n<p>Por outro lado, quatro grupos tiveram alta na taxa: sa\u00fade e cuidados pessoais (de 1,28% para 2,05%), transportes (de 0,14% para 0,77%), vestu\u00e1rio (de -0,32% para 2,09%) e educa\u00e7\u00e3o, leitura e recrea\u00e7\u00e3o (de 1,09% para 1,90%).<\/p>\n<p>Fonte: Ag\u00eancia Brasil<\/p>\n","protected":false},"excerpt":{"rendered":"<p>O \u00cdndice de Pre\u00e7os ao Consumidor da Terceira Idade (IPC-3i), que mede a varia\u00e7\u00e3o da cesta de consumo de pessoas com mais de 60 anos de idade, registrou infla\u00e7\u00e3o de 0,97% no segundo trimestre deste ano. A taxa \u00e9 inferior ao 1,49% do primeiro trimestre do ano. Segundo a Funda\u00e7\u00e3o Getulio Vargas (FGV), em 12 [&hellip;]<\/p>\n","protected":false},"author":96,"featured_media":143653,"comment_status":"closed","ping_status":"closed","sticky":false,"template":"","format":"standard","meta":{"footnotes":""},"categories":[436,261,439],"tags":[],"class_list":["post-143652","post","type-post","status-publish","format-standard","has-post-thumbnail","hentry","category-destaque-da-semana","category-economia","category-ultima-hora"],"_links":{"self":[{"href":"https:\/\/diarioregionaldigital.com.br\/index.php?rest_route=\/wp\/v2\/posts\/143652","targetHints":{"allow":["GET"]}}],"collection":[{"href":"https:\/\/diarioregionaldigital.com.br\/index.php?rest_route=\/wp\/v2\/posts"}],"about":[{"href":"https:\/\/diarioregionaldigital.com.br\/index.php?rest_route=\/wp\/v2\/types\/post"}],"author":[{"embeddable":true,"href":"https:\/\/diarioregionaldigital.com.br\/index.php?rest_route=\/wp\/v2\/users\/96"}],"replies":[{"embeddable":true,"href":"https:\/\/diarioregionaldigital.com.br\/index.php?rest_route=%2Fwp%2Fv2%2Fcomments&post=143652"}],"version-history":[{"count":0,"href":"https:\/\/diarioregionaldigital.com.br\/index.php?rest_route=\/wp\/v2\/posts\/143652\/revisions"}],"wp:featuredmedia":[{"embeddable":true,"href":"https:\/\/diarioregionaldigital.com.br\/index.php?rest_route=\/wp\/v2\/media\/143653"}],"wp:attachment":[{"href":"https:\/\/diarioregionaldigital.com.br\/index.php?rest_route=%2Fwp%2Fv2%2Fmedia&parent=143652"}],"wp:term":[{"taxonomy":"category","embeddable":true,"href":"https:\/\/diarioregionaldigital.com.br\/index.php?rest_route=%2Fwp%2Fv2%2Fcategories&post=143652"},{"taxonomy":"post_tag","embeddable":true,"href":"https:\/\/diarioregionaldigital.com.br\/index.php?rest_route=%2Fwp%2Fv2%2Ftags&post=143652"}],"curies":[{"name":"wp","href":"https:\/\/api.w.org\/{rel}","templated":true}]}}