{"id":143651,"date":"2019-07-14T06:00:04","date_gmt":"2019-07-14T09:00:04","guid":{"rendered":"https:\/\/diarioregionaldigital.com.br\/?p=143651"},"modified":"2019-07-11T15:06:24","modified_gmt":"2019-07-11T18:06:24","slug":"producao-de-motocicletas-aumenta-84-no-primeiro-semestre","status":"publish","type":"post","link":"https:\/\/diarioregionaldigital.com.br\/?p=143651","title":{"rendered":"Produ\u00e7\u00e3o de motocicletas aumenta 8,4% no primeiro semestre"},"content":{"rendered":"<p>A produ\u00e7\u00e3o nacional de motocicletas aumentou 8,4% no primeiro semestre deste ano, totalizando 536.955 unidades. No mesmo per\u00edodo do ano passado, foram produzidas 495.420 motocicletas.<\/p>\n<p>De acordo com a Associa\u00e7\u00e3o Brasileira dos Fabricantes de Motocicletas, Ciclomotores, Motonetas, Bicicletas e Similares (Abraciclo), em junho, foram produzidas 67.991 motocicletas, correspondendo a uma alta de 35,4% sobre o mesmo m\u00eas de 2018 (50.208 unidades). Na compara\u00e7\u00e3o com maio (100.997 unidades), houve recuo de 32,7%, resultado do menor n\u00famero de dias \u00fateis em junho e das f\u00e9rias parciais nas f\u00e1bricas.<\/p>\n<p>\u201cEsse desempenho est\u00e1 associado a uma demanda que vem evoluindo desde o segundo semestre do ano passado. O ritmo atual sinaliza a retomada consistente dos neg\u00f3cios e \u00e9 reflexo do aumento da concess\u00e3o de cr\u00e9dito nas opera\u00e7\u00f5es de varejo\u201d, afirmou o presidente da Abraciclo, Marcos Fermanian.<\/p>\n<p>As vendas no atacado (concession\u00e1rias) atingiram 528.720 unidades, alta de 17,2% ante o resultado do mesmo per\u00edodo do ano passado (451.318 unidades). Em junho, o volume foi de 72.115 unidades, representando aumento de 41,9% ante o mesmo m\u00eas de 2018 (50.833 unidades). Na compara\u00e7\u00e3o com maio, quando foram enviadas \u00e0s lojas 95.697 motocicletas, houve queda de 24,6%.<\/p>\n<p>O levantamento mostrou ainda que, de acordo com o Registro Nacional de Ve\u00edculos Automotores (Renavam), no primeiro semestre deste ano, foram emplacadas 530.034 motocicletas, correspondendo a um crescimento de 16% ante o mesmo per\u00edodo de 2018 (456.729 unidades). Em junho, foram licenciadas 80.023 motocicletas, 8% a mais do que o mesmo m\u00eas do ano passado (74.069 unidades). Na compara\u00e7\u00e3o com maio (97.989 unidades), houve uma baixa de 18,3%.<\/p>\n<p>Segundo dados da Abraciclo, as exporta\u00e7\u00f5es no primeiro semestre somaram 20.392 unidades, 50,3% a menos do que o mesmo per\u00edodo de 2018 (41.030 unidades). No m\u00eas de junho, tamb\u00e9m houve redu\u00e7\u00e3o (35,2%) com a exporta\u00e7\u00e3o de 2.854 motocicletas, ante as 4.404 unidades do mesmo per\u00edodo do ano passado. Em rela\u00e7\u00e3o a maio (3.232 unidades), houve uma retra\u00e7\u00e3o de 11,7%.<\/p>\n<p>A previs\u00e3o da entidade \u00e9 que a produ\u00e7\u00e3o de motocicletas alcance 1.100.000 unidades em 2019, volume 6,1% superior ao de 2018 (1.036.846 unidades).<\/p>\n<p>Fonte: Ag\u00eancia Brasil<\/p>\n","protected":false},"excerpt":{"rendered":"<p>A produ\u00e7\u00e3o nacional de motocicletas aumentou 8,4% no primeiro semestre deste ano, totalizando 536.955 unidades. No mesmo per\u00edodo do ano passado, foram produzidas 495.420 motocicletas. De acordo com a Associa\u00e7\u00e3o Brasileira dos Fabricantes de Motocicletas, Ciclomotores, Motonetas, Bicicletas e Similares (Abraciclo), em junho, foram produzidas 67.991 motocicletas, correspondendo a uma alta de 35,4% sobre o [&hellip;]<\/p>\n","protected":false},"author":96,"featured_media":143655,"comment_status":"closed","ping_status":"closed","sticky":false,"template":"","format":"standard","meta":{"footnotes":""},"categories":[436,261,439],"tags":[],"class_list":["post-143651","post","type-post","status-publish","format-standard","has-post-thumbnail","hentry","category-destaque-da-semana","category-economia","category-ultima-hora"],"_links":{"self":[{"href":"https:\/\/diarioregionaldigital.com.br\/index.php?rest_route=\/wp\/v2\/posts\/143651","targetHints":{"allow":["GET"]}}],"collection":[{"href":"https:\/\/diarioregionaldigital.com.br\/index.php?rest_route=\/wp\/v2\/posts"}],"about":[{"href":"https:\/\/diarioregionaldigital.com.br\/index.php?rest_route=\/wp\/v2\/types\/post"}],"author":[{"embeddable":true,"href":"https:\/\/diarioregionaldigital.com.br\/index.php?rest_route=\/wp\/v2\/users\/96"}],"replies":[{"embeddable":true,"href":"https:\/\/diarioregionaldigital.com.br\/index.php?rest_route=%2Fwp%2Fv2%2Fcomments&post=143651"}],"version-history":[{"count":0,"href":"https:\/\/diarioregionaldigital.com.br\/index.php?rest_route=\/wp\/v2\/posts\/143651\/revisions"}],"wp:featuredmedia":[{"embeddable":true,"href":"https:\/\/diarioregionaldigital.com.br\/index.php?rest_route=\/wp\/v2\/media\/143655"}],"wp:attachment":[{"href":"https:\/\/diarioregionaldigital.com.br\/index.php?rest_route=%2Fwp%2Fv2%2Fmedia&parent=143651"}],"wp:term":[{"taxonomy":"category","embeddable":true,"href":"https:\/\/diarioregionaldigital.com.br\/index.php?rest_route=%2Fwp%2Fv2%2Fcategories&post=143651"},{"taxonomy":"post_tag","embeddable":true,"href":"https:\/\/diarioregionaldigital.com.br\/index.php?rest_route=%2Fwp%2Fv2%2Ftags&post=143651"}],"curies":[{"name":"wp","href":"https:\/\/api.w.org\/{rel}","templated":true}]}}