{"id":143445,"date":"2019-07-08T18:59:09","date_gmt":"2019-07-08T21:59:09","guid":{"rendered":"https:\/\/diarioregionaldigital.com.br\/?p=143445"},"modified":"2019-07-08T18:59:09","modified_gmt":"2019-07-08T21:59:09","slug":"brasil-adere-a-acordo-internacional-de-registro-de-marcas-da-onu","status":"publish","type":"post","link":"https:\/\/diarioregionaldigital.com.br\/?p=143445","title":{"rendered":"Brasil adere a acordo internacional de registro de marcas da ONU"},"content":{"rendered":"<p>O Brasil aderiu ao sistema de marcas internacionais administrado pela Organiza\u00e7\u00e3o Mundial da Propriedade Intelectual (OMPI), que ajuda propriet\u00e1rios a protegerem e promoverem suas marcas em 121 pa\u00edses em todo o mundo.<\/p>\n<p>A ag\u00eancia recebeu recentemente o instrumento de ades\u00e3o do Brasil ao protocolo relativo ao Acordo de Madri referente ao Registro Internacional de Marcas. O documento foi assinado pelo presidente Jair Bolsonaro.<\/p>\n<div class=\"dnd-widget-wrapper context-cheio_8colunas type-image\">\n<div class=\"dnd-atom-rendered\">\n<figure class=\"mejs-fotoh-wrapper\"><img decoding=\"async\" class=\"img-responsive full full\" title=\"Isac N\u00f3brega\/PR\" src=\"http:\/\/imagens.ebc.com.br\/YfH0SnHQ54El5oP73Zf9ohUeV4E=\/754x0\/smart\/http:\/\/agenciabrasil.ebc.com.br\/sites\/default\/files\/thumbnails\/image\/40724787503_88cf5c0eb3_o.jpg?itok=P_3SgTVM\" alt=\"Pronunciamento do presidente da Rep\u00fablica, Jair Bolsonaro.\" \/><\/figure>\n<\/div>\n<div class=\"dnd-caption-wrapper\">\n<div class=\"meta\"><strong>Presidente\u00a0Jair Bolsonaro\u00a0<\/strong>&#8211;\u00a0<strong>Isac N\u00f3brega\/PR<\/strong><\/div>\n<\/div>\n<\/div>\n<h2>Acordo\u00a0de Madri<\/h2>\n<p>Atrav\u00e9s do chamado Acordo\u00a0de Madri, os titulares ter\u00e3o a possibilidade de registrar suas marcas em outros 120 pa\u00edses, atrav\u00e9s de um s\u00f3 pedido. Isto agiliza o processo de obten\u00e7\u00e3o e de gest\u00e3o de registros de marcas, proporcionando economia de tempo e de dinheiro.<\/p>\n<p>O diretor-geral da Ompi, Francis Gurry, saudou a ades\u00e3o do Brasil ao sistema, destacando o pa\u00eds como \u201cuma das mais importantes economias do planeta\u201d. Gurry disse esperar que outros pa\u00edses na regi\u00e3o sigam o exemplo brasileiro.<\/p>\n<p>O sistema entrar\u00e1 em vigor, para o Brasil, tr\u00eas meses ap\u00f3s o dep\u00f3sito do instrumento de ades\u00e3o, em 2 de outubro de 2019. O pa\u00eds \u00e9 o quinto membro da Am\u00e9rica Latina e do Caribe a fazer parte do Sistema de Madri.<\/p>\n<h2>Redu\u00e7\u00e3o de custos<\/h2>\n<p>O ministro das Rela\u00e7\u00f5es Exteriores do Brasil, Ernesto Ara\u00fajo, ressaltou a import\u00e2ncia da ades\u00e3o para redu\u00e7\u00e3o nos custos das transa\u00e7\u00f5es comerciais no pa\u00eds e a simplifica\u00e7\u00e3o dos procedimentos de registro de marcas do mundo inteiro.<\/p>\n<p>Segundo ele, \u201catrav\u00e9s desta ades\u00e3o, o Brasil demonstra o seu empenho em prol da moderniza\u00e7\u00e3o de sua economia e do incentivo \u00e0 prosperidade econ\u00f4mica e \u00e0 inova\u00e7\u00e3o, num contexto de economia de mercado\u201d.<\/p>\n<h2>Registro internacional<\/h2>\n<p>A Organiza\u00e7\u00e3o Mundial da Propriedade Intelectual (Ompi)\u00a0\u00e9 uma das 16 ag\u00eancias especializadas das Na\u00e7\u00f5es Unidas, criada em 1967, com sede em Genebra.<\/p>\n<p>A ag\u00eancia se dedica \u00e0 constante atualiza\u00e7\u00e3o e proposi\u00e7\u00e3o de padr\u00f5es internacionais de prote\u00e7\u00e3o \u00e0s cria\u00e7\u00f5es intelectuais em \u00e2mbito mundial.<\/p>\n<p>Fonte: Ag\u00eancia Brasil<\/p>\n","protected":false},"excerpt":{"rendered":"<p>O Brasil aderiu ao sistema de marcas internacionais administrado pela Organiza\u00e7\u00e3o Mundial da Propriedade Intelectual (OMPI), que ajuda propriet\u00e1rios a protegerem e promoverem suas marcas em 121 pa\u00edses em todo o mundo. A ag\u00eancia recebeu recentemente o instrumento de ades\u00e3o do Brasil ao protocolo relativo ao Acordo de Madri referente ao Registro Internacional de Marcas. [&hellip;]<\/p>\n","protected":false},"author":96,"featured_media":143447,"comment_status":"closed","ping_status":"closed","sticky":false,"template":"","format":"standard","meta":{"footnotes":""},"categories":[302,436,439],"tags":[],"class_list":["post-143445","post","type-post","status-publish","format-standard","has-post-thumbnail","hentry","category-brasil-mundo","category-destaque-da-semana","category-ultima-hora"],"_links":{"self":[{"href":"https:\/\/diarioregionaldigital.com.br\/index.php?rest_route=\/wp\/v2\/posts\/143445","targetHints":{"allow":["GET"]}}],"collection":[{"href":"https:\/\/diarioregionaldigital.com.br\/index.php?rest_route=\/wp\/v2\/posts"}],"about":[{"href":"https:\/\/diarioregionaldigital.com.br\/index.php?rest_route=\/wp\/v2\/types\/post"}],"author":[{"embeddable":true,"href":"https:\/\/diarioregionaldigital.com.br\/index.php?rest_route=\/wp\/v2\/users\/96"}],"replies":[{"embeddable":true,"href":"https:\/\/diarioregionaldigital.com.br\/index.php?rest_route=%2Fwp%2Fv2%2Fcomments&post=143445"}],"version-history":[{"count":0,"href":"https:\/\/diarioregionaldigital.com.br\/index.php?rest_route=\/wp\/v2\/posts\/143445\/revisions"}],"wp:featuredmedia":[{"embeddable":true,"href":"https:\/\/diarioregionaldigital.com.br\/index.php?rest_route=\/wp\/v2\/media\/143447"}],"wp:attachment":[{"href":"https:\/\/diarioregionaldigital.com.br\/index.php?rest_route=%2Fwp%2Fv2%2Fmedia&parent=143445"}],"wp:term":[{"taxonomy":"category","embeddable":true,"href":"https:\/\/diarioregionaldigital.com.br\/index.php?rest_route=%2Fwp%2Fv2%2Fcategories&post=143445"},{"taxonomy":"post_tag","embeddable":true,"href":"https:\/\/diarioregionaldigital.com.br\/index.php?rest_route=%2Fwp%2Fv2%2Ftags&post=143445"}],"curies":[{"name":"wp","href":"https:\/\/api.w.org\/{rel}","templated":true}]}}