{"id":143444,"date":"2019-07-08T19:03:04","date_gmt":"2019-07-08T22:03:04","guid":{"rendered":"https:\/\/diarioregionaldigital.com.br\/?p=143444"},"modified":"2019-07-08T19:03:04","modified_gmt":"2019-07-08T22:03:04","slug":"em-live-bolsonaro-defende-combate-a-hanseniase-no-brasil","status":"publish","type":"post","link":"https:\/\/diarioregionaldigital.com.br\/?p=143444","title":{"rendered":"Em live, Bolsonaro defende combate \u00e0 hansen\u00edase no Brasil"},"content":{"rendered":"<p>O presidente Jair Bolsonaro defendeu hoje (8) o enfrentamento da hansen\u00edase no Brasil, durante uma transmiss\u00e3o ao vivo em sua p\u00e1gina no Facebook. Ele estava ao lado do ministro da Sa\u00fade, Henrique Mandetta, e do presidente da Funda\u00e7\u00e3o Nippon, o japon\u00eas Yohei Sasakawa, que lidera um trabalho internacional de preven\u00e7\u00e3o e tratamento da doen\u00e7a. Os ministros Ernesto Ara\u00fajo (Rela\u00e7\u00f5es Exteriores) e Damares Alves (Mulher, Fam\u00edlia e Direitos Humanos) tamb\u00e9m acompanharam a transmiss\u00e3o.<\/p>\n<p>O Brasil \u00e9 um dos pa\u00edses com a maior incid\u00eancia da hansen\u00edase no planeta. &#8220;No Brasil, cada grupo de 10 pessoas, 1,3 tem hansen\u00edase. Estamos fazendo as contas aqui, n\u00f3s devemos ter mais de 100 mil pessoas com hansen\u00edase no Brasil, no momento. Isso acontece junto \u00e0s pessoas mais pobres&#8221;, disse Bolsonaro. De acordo com a Organiza\u00e7\u00e3o Mundial da Sa\u00fade (OMS), mais de 200 mil novos casos da doen\u00e7a s\u00e3o detectados em todo o mundo, a cada ano, sendo que Brasil, \u00cdndia e Indon\u00e9sia concentram 80% desse total. Ainda segundo a entidade, o Brasil respondeu por 93% dos 29.101 casos detectados em 2017.<\/p>\n<p>Mandetta deu dicas de como identificar poss\u00edveis sintomas da doen\u00e7a e pediu aten\u00e7\u00e3o das fam\u00edlias para o problema. &#8220;Fiquem atentos, uma pequena mancha na pele, pode ser na m\u00e3o, no bra\u00e7o, em qualquer lugar do corpo. E essa mancha com menor sensibilidade. Pegue uma caneta, um l\u00e1pis, aperte. Muitas vezes, na mancha da hansen\u00edase, a pessoa n\u00e3o sente a press\u00e3o da ponta da caneta, \u00e9 uma mancha com baixa sensibilidade. Procure uma unidade b\u00e1sica de sa\u00fade, pode ser hansen\u00edase, os exames v\u00e3o ser feitos&#8221;, afirmou. Ele destacou que o diagn\u00f3stico e o tratamento s\u00e3o gratuitos e ocorrem integralmente pelo Sistema \u00danico de Sa\u00fade.<\/p>\n<div class=\"dnd-widget-wrapper context-cheio_8colunas type-image\">\n<div class=\"dnd-atom-rendered\">\n<figure class=\"mejs-fotoh-wrapper\"><img decoding=\"async\" class=\"img-responsive full full\" title=\"Divulga\u00e7\u00e3o\" src=\"http:\/\/imagens.ebc.com.br\/nvfkOrEMSLqG5TW8E4N96uhMNnM=\/754x0\/smart\/http:\/\/agenciabrasil.ebc.com.br\/sites\/default\/files\/atoms\/image\/1334792203.jpg?itok=JcPnMYTK\" alt=\"hansen\u00edase\" \/><\/figure>\n<\/div>\n<div class=\"dnd-caption-wrapper\">\n<h6 class=\"meta\">As manchas caracter\u00edsticas da hansen\u00edase apresentam baixa sensibilidade &#8211;\u00a0<strong>Divulga\u00e7\u00e3o<\/strong><\/h6>\n<\/div>\n<\/div>\n<p>Yohei Sasakawa disse que a hansen\u00edase ainda \u00e9 uma doen\u00e7a cercada de preconceitos, que precisam ser desmistificados. &#8220;Hoje, temos medicamento gratuito. N\u00e3o se trata de uma done\u00e7a vergonhosa, \u00e9 uma doen\u00e7a facilmente cur\u00e1vel&#8221;.<\/p>\n<p>O presidente Bolsonaro disse que n\u00e3o sabia da extens\u00e3o do problema no pa\u00eds e refor\u00e7ou a necessidade das pessoas procurarem ajuda sempre que identificarem qualquer sintoma. &#8220;No passado, quem tinha hansen\u00edase, era isolado. Tem gente que tem essa doen\u00e7a, [mas] tem vergonha, n\u00e3o se apresenta e fica escondido. Tem tratamento, com antibi\u00f3ticos, \u00e9 gratuito, e a pessoa pode rapidamente ficar livre disso&#8221;, acrescentou.<\/p>\n<h2>Hansen\u00edase<\/h2>\n<p>A hansen\u00edase \u00e9 uma doen\u00e7a cr\u00f4nica e que tem como agente etiol\u00f3gico o bacilo\u00a0<em>Micobacterium leprae<\/em>. A infec\u00e7\u00e3o por hansen\u00edase pode acometer pessoas de ambos os sexos e de qualquer idade, mas \u00e9 de dif\u00edcil transmiss\u00e3o, j\u00e1 que \u00e9 necess\u00e1rio um longo per\u00edodo de exposi\u00e7\u00e3o \u00e0 bact\u00e9ria, motivo pelo qual apenas uma pequena parcela da popula\u00e7\u00e3o infectada chega a adoecer.<\/p>\n<p>A doen\u00e7a \u00e9 transmitida pelas vias \u00e1reas superiores (tosse ou espirro), por meio do conv\u00edvio pr\u00f3ximo e prolongado com uma pessoa doente sem tratamento. A doen\u00e7a apresenta ainda um longo per\u00edodo de incuba\u00e7\u00e3o, ou seja, h\u00e1 um intervalo, em m\u00e9dia, de dois a sete anos, at\u00e9 que os sintomas se manifestem. De acordo com o Minist\u00e9rio da Sa\u00fade, j\u00e1 houve, por\u00e9m, casos at\u00edpicos, em que esse per\u00edodo foi mais curto &#8211; de sete meses &#8211; ou mais longo &#8211; de dez anos.<\/p>\n<p>A hansen\u00edase provoca altera\u00e7\u00f5es na pele e nos nervos perif\u00e9ricos, podendo ocasionar, em alguns casos, les\u00f5es neurais, o que gera n\u00edveis de incapacidade f\u00edsica. Os estados do Maranh\u00e3o e do Par\u00e1 s\u00e3o os que concentram mais quadros do grau 2 de incapacidade f\u00edsica, quando a an\u00e1lise se restringe a pacientes com at\u00e9 15 anos de idade, enquanto o Tocantins tem a maior taxa entre a popula\u00e7\u00e3o geral, de todas as faixas et\u00e1rias.<\/p>\n<p>&nbsp;<\/p>\n<p>Fonte: Ag\u00eancia Brasil<\/p>\n","protected":false},"excerpt":{"rendered":"<p>O presidente Jair Bolsonaro defendeu hoje (8) o enfrentamento da hansen\u00edase no Brasil, durante uma transmiss\u00e3o ao vivo em sua p\u00e1gina no Facebook. Ele estava ao lado do ministro da Sa\u00fade, Henrique Mandetta, e do presidente da Funda\u00e7\u00e3o Nippon, o japon\u00eas Yohei Sasakawa, que lidera um trabalho internacional de preven\u00e7\u00e3o e tratamento da doen\u00e7a. Os [&hellip;]<\/p>\n","protected":false},"author":96,"featured_media":143449,"comment_status":"closed","ping_status":"closed","sticky":false,"template":"","format":"standard","meta":{"footnotes":""},"categories":[302,436,439],"tags":[],"class_list":["post-143444","post","type-post","status-publish","format-standard","has-post-thumbnail","hentry","category-brasil-mundo","category-destaque-da-semana","category-ultima-hora"],"_links":{"self":[{"href":"https:\/\/diarioregionaldigital.com.br\/index.php?rest_route=\/wp\/v2\/posts\/143444","targetHints":{"allow":["GET"]}}],"collection":[{"href":"https:\/\/diarioregionaldigital.com.br\/index.php?rest_route=\/wp\/v2\/posts"}],"about":[{"href":"https:\/\/diarioregionaldigital.com.br\/index.php?rest_route=\/wp\/v2\/types\/post"}],"author":[{"embeddable":true,"href":"https:\/\/diarioregionaldigital.com.br\/index.php?rest_route=\/wp\/v2\/users\/96"}],"replies":[{"embeddable":true,"href":"https:\/\/diarioregionaldigital.com.br\/index.php?rest_route=%2Fwp%2Fv2%2Fcomments&post=143444"}],"version-history":[{"count":0,"href":"https:\/\/diarioregionaldigital.com.br\/index.php?rest_route=\/wp\/v2\/posts\/143444\/revisions"}],"wp:featuredmedia":[{"embeddable":true,"href":"https:\/\/diarioregionaldigital.com.br\/index.php?rest_route=\/wp\/v2\/media\/143449"}],"wp:attachment":[{"href":"https:\/\/diarioregionaldigital.com.br\/index.php?rest_route=%2Fwp%2Fv2%2Fmedia&parent=143444"}],"wp:term":[{"taxonomy":"category","embeddable":true,"href":"https:\/\/diarioregionaldigital.com.br\/index.php?rest_route=%2Fwp%2Fv2%2Fcategories&post=143444"},{"taxonomy":"post_tag","embeddable":true,"href":"https:\/\/diarioregionaldigital.com.br\/index.php?rest_route=%2Fwp%2Fv2%2Ftags&post=143444"}],"curies":[{"name":"wp","href":"https:\/\/api.w.org\/{rel}","templated":true}]}}