{"id":143441,"date":"2019-07-08T16:54:52","date_gmt":"2019-07-08T19:54:52","guid":{"rendered":"https:\/\/diarioregionaldigital.com.br\/?p=143441"},"modified":"2019-07-08T18:56:19","modified_gmt":"2019-07-08T21:56:19","slug":"comissao-de-telefonia-e-internet-vai-a-bh-buscar-a-participacao-de-jf-no-programa-alo-minas","status":"publish","type":"post","link":"https:\/\/diarioregionaldigital.com.br\/?p=143441","title":{"rendered":"Comiss\u00e3o de Telefonia e Internet vai a BH buscar a participa\u00e7\u00e3o de JF no programa \u201cAl\u00f4 Minas\u201d"},"content":{"rendered":"<p>A luta pela implanta\u00e7\u00e3o de sinal de telefonia e internet na Zona Rural de Juiz de Fora continua. Na \u00faltima quarta-feira, 3, vereadores membros da Comiss\u00e3o de Telefonia, Comunica\u00e7\u00e3o e Internet M\u00f3vel, Marlon Siqueira (MDB, presidente) e Vagner de Oliveira (PSC) estiveram na sede Secretaria de Estado de Planejamento e Gest\u00e3o em Belo Horizonte (SEPLAG) para cobrar a inclus\u00e3o de Juiz de Fora no novo programa de amplia\u00e7\u00e3o de cobertura de sinal do Governo do Estado, denominado &#8220;Al\u00f4 Minas&#8221;, anunciado como sucessor do &#8220;Minas Comunica 2&#8221;. O objetivo foi buscar a garantia que os cinco novos distritos da cidade sejam contemplados pela iniciativa.<\/p>\n<p>Segundo o vereador Marlon, a conversa foi positiva, principalmente, considerando a primeira informa\u00e7\u00e3o de que haveria uma &#8220;barreira de entrada&#8221; para que os distritos fossem beneficiados. \u201cInicialmente, correu a informa\u00e7\u00e3o de que os locais a serem beneficiados teriam que possuir o m\u00ednimo de 500 eleitores, o que inviabilizaria a participa\u00e7\u00e3o total dos nossos distritos. Como o programa ainda est\u00e1 em fase de planejamento, viemos aqui defender a flexibiliza\u00e7\u00e3o desses crit\u00e9rios. Sa\u00edmos daqui com uma vit\u00f3ria, a informa\u00e7\u00e3o que a inten\u00e7\u00e3o do governo \u00e9 privilegiar no novo edital todos 106 novos distritos criados para este fim&#8221;, explicou.<\/p>\n<p>Durante a reuni\u00e3o com o Superintendente Central de Governan\u00e7a Eletr\u00f4nica da SEPLAG, Rodrigo Diniz, outros pontos a serem observados para a efici\u00eancia do &#8220;Al\u00f4 Minas&#8221; foram explicados, considerando a experi\u00eancia de programa de expans\u00e3o anteriores por todo o estado. Entre eles, preocupa\u00e7\u00f5es quanto a qualidade de acesso vi\u00e1rio ao local de instala\u00e7\u00e3o de antenas, a disposi\u00e7\u00e3o desses pontos, e as licen\u00e7as ambientais para os equipamentos emissores de sinal.<\/p>\n<p>Preocupada com a celeridade do processo, a comiss\u00e3o se disp\u00f4s a trabalhar nesses fatores. &#8220;A expectativa da popula\u00e7\u00e3o desses distritos, e tamb\u00e9m a nossa, pela disponibilidade do sinal \u00e9 enorme. De forma respons\u00e1vel, vamos buscar agilizar esse processo, primeiramente, trabalhando com a revis\u00e3o da legisla\u00e7\u00e3o sobre as licen\u00e7as&#8221;, destacou o vereador Vagner de Oliveira.<\/p>\n<p>A previs\u00e3o \u00e9 que, ainda no segundo semestre, seja conclu\u00edda a consulta p\u00fablica e o edital \u00e0s operadoras para o lan\u00e7amento do &#8220;Al\u00f4 Minas&#8221;. Desta vez, o programa poder\u00e1 ser dividido por regi\u00f5es segundo o c\u00f3digo de \u00e1rea &#8211; em nosso caso, o DDD 32. Uma medida que pode deixar o processo mais r\u00e1pido.<\/p>\n<p>Fonte: CMJF<\/p>\n","protected":false},"excerpt":{"rendered":"<p>A luta pela implanta\u00e7\u00e3o de sinal de telefonia e internet na Zona Rural de Juiz de Fora continua. Na \u00faltima quarta-feira, 3, vereadores membros da Comiss\u00e3o de Telefonia, Comunica\u00e7\u00e3o e Internet M\u00f3vel, Marlon Siqueira (MDB, presidente) e Vagner de Oliveira (PSC) estiveram na sede Secretaria de Estado de Planejamento e Gest\u00e3o em Belo Horizonte (SEPLAG) [&hellip;]<\/p>\n","protected":false},"author":96,"featured_media":143442,"comment_status":"closed","ping_status":"closed","sticky":false,"template":"","format":"standard","meta":{"footnotes":""},"categories":[253,436,440,439],"tags":[],"class_list":["post-143441","post","type-post","status-publish","format-standard","has-post-thumbnail","hentry","category-cidade","category-destaque-da-semana","category-destaques-do-dia","category-ultima-hora"],"_links":{"self":[{"href":"https:\/\/diarioregionaldigital.com.br\/index.php?rest_route=\/wp\/v2\/posts\/143441","targetHints":{"allow":["GET"]}}],"collection":[{"href":"https:\/\/diarioregionaldigital.com.br\/index.php?rest_route=\/wp\/v2\/posts"}],"about":[{"href":"https:\/\/diarioregionaldigital.com.br\/index.php?rest_route=\/wp\/v2\/types\/post"}],"author":[{"embeddable":true,"href":"https:\/\/diarioregionaldigital.com.br\/index.php?rest_route=\/wp\/v2\/users\/96"}],"replies":[{"embeddable":true,"href":"https:\/\/diarioregionaldigital.com.br\/index.php?rest_route=%2Fwp%2Fv2%2Fcomments&post=143441"}],"version-history":[{"count":0,"href":"https:\/\/diarioregionaldigital.com.br\/index.php?rest_route=\/wp\/v2\/posts\/143441\/revisions"}],"wp:featuredmedia":[{"embeddable":true,"href":"https:\/\/diarioregionaldigital.com.br\/index.php?rest_route=\/wp\/v2\/media\/143442"}],"wp:attachment":[{"href":"https:\/\/diarioregionaldigital.com.br\/index.php?rest_route=%2Fwp%2Fv2%2Fmedia&parent=143441"}],"wp:term":[{"taxonomy":"category","embeddable":true,"href":"https:\/\/diarioregionaldigital.com.br\/index.php?rest_route=%2Fwp%2Fv2%2Fcategories&post=143441"},{"taxonomy":"post_tag","embeddable":true,"href":"https:\/\/diarioregionaldigital.com.br\/index.php?rest_route=%2Fwp%2Fv2%2Ftags&post=143441"}],"curies":[{"name":"wp","href":"https:\/\/api.w.org\/{rel}","templated":true}]}}