{"id":143429,"date":"2019-07-08T18:22:13","date_gmt":"2019-07-08T21:22:13","guid":{"rendered":"https:\/\/diarioregionaldigital.com.br\/?p=143429"},"modified":"2019-07-08T18:22:13","modified_gmt":"2019-07-08T21:22:13","slug":"selecao-brasileira-vence-o-peru-e-conquista-o-titulo-da-copa-america","status":"publish","type":"post","link":"https:\/\/diarioregionaldigital.com.br\/?p=143429","title":{"rendered":"Sele\u00e7\u00e3o Brasileira vence o Peru e conquista o t\u00edtulo da Copa Am\u00e9rica"},"content":{"rendered":"<p>&#8220;N\u00e3o vai ser de brincadeira ele vai ser campe\u00e3o&#8221;.O torcedor avisou antes mesmo de a bola rolar neste domingo (7). No campo, a Sele\u00e7\u00e3o Brasileira correspondeu \u00e0 altura. Em noite de reencontros, &#8220;o campe\u00e3o voltou&#8221;. Voltou ao Maracan\u00e3, voltou a disputar uma final. Dentro de casa, o Brasil venceu o Peru por 3 a 1 e levantou a ta\u00e7a da Copa Am\u00e9rica pela nona vez em sua hist\u00f3ria.<\/p>\n<p>E se \u00e9 em solo brasileiro, o torneio s\u00f3 podia terminar com o t\u00edtulo da Canarinho. A edi\u00e7\u00e3o 2019 da competi\u00e7\u00e3o foi a quinta que aconteceu no pa\u00eds e em todas elas a Sele\u00e7\u00e3o Brasileira sagrou-se campe\u00e3 (1919, 1922, 1949, 1989 e 2019).<\/p>\n<p>&nbsp;<\/p>\n<p><strong>O jogo<\/strong><\/p>\n<p>O duelo come\u00e7ou nervoso para a Sele\u00e7\u00e3o Brasileira, que viu o Peru criar duas boas chances em cinco minutos de jogo. Na primeira tentativa, Cueva cobrou falta com perigo e, na sequ\u00eancia, Tapia arriscou de fora da \u00e1rea. Passado o susto inicial, o Brasil colocou a bola no ch\u00e3o e na base da habilidade mostrou o que sabe fazer de melhor. E foi desse jeito que a rede balan\u00e7ou pela primeira vez. Aos 14 minutos, Gabriel Jesus recebeu lan\u00e7amento na direita, driblou a marca\u00e7\u00e3o e cruzou na medida para Everton, que apareceu livre na \u00e1rea e emendou o chute fazendo explodir a torcida presente no Maracan\u00e3.<\/p>\n<p>O gol deu tranquilidade para a Canarinho, que seguiu pressionando e ocupando todos os espa\u00e7os do campo ofensivo. Na marca dos 23 quase veio o segundo. Dessa vez chegando pela esquerda, Firmino achou Coutinho pelo meio. O camisa 11 fez o desvio e viu a bola tirar tinta da trave advers\u00e1ria. O Brasil n\u00e3o deu tr\u00e9gua e, aos 35, Firmino cabeceou por cima da meta depois de \u00f3timo cruzamento de Alex Sandro. J\u00e1 aos 40 minutos, o Peru tentou responder e a arbitragem pegou um toque de m\u00e3o dentro da \u00e1rea assinalando p\u00eanalti para os peruanos. Foi a\u00ed que o VAR entrou em a\u00e7\u00e3o e a tens\u00e3o tomou conta do est\u00e1dio. Com penalidade confirmada, Guerrero deixou tudo igual, aos 43: 1 a 1. Mas o empate durou pouco. Quatro minutos foi o tempo que a Sele\u00e7\u00e3o Brasileira precisou para reassumir o placar. Nos acr\u00e9scimos da primeira etapa, Arthur deu belo passe para Gabriel Jesus, que bateu rasteiro no cantinho sem dar chances para defesa do goleiro Gallese.<\/p>\n<p>Na volta do intervalo, a Canarinho n\u00e3o quis saber de diminuir o ritmo. Logo aos cinco minutos, Coutinho invadiu a \u00e1rea e mandou para o gol com muito perigo. Na sequ\u00eancia, Firmino teve mais uma chance. Everton fez jogada individual pela esquerda, tocou para Alex Sandro, que cruzou para o atacante cabecear rente ao poste. Aos 24, o Brasil passou a jogar com um a menos ap\u00f3s expuls\u00e3o de Gabriel Jesus. Em vantagem num\u00e9rica, os peruanos ensaiaram uma press\u00e3o no ataque. Bem postado na defesa, a Sele\u00e7\u00e3o se fechou bem, na ra\u00e7a segurou o \u00edmpeto dos advers\u00e1rios e ainda ampliou o marcador. Aos 41, o \u00e1rbitro marcou p\u00eanalti para a Canarinho depois que Everton foi derrubado na \u00e1rea. Com a bola na marca da cal, Richarlison bateu com seguran\u00e7a e fechou a conta. Enquanto isso, nas arquibancadas o torcedor fazia seu show com gritos de &#8220;\u00e9 campe\u00e3o&#8221;, &#8220;ol\u00e9&#8221; e tudo mais que se tem direito em um domingo de futebol, Maracan\u00e3 e t\u00edtulo.<\/p>\n<p>BRASIL: Alisson; Dani Alves, Marquinhos, Thiago Silva e Alex Sandro; Casemiro, Arthur e Coutinho (\u00c9der Milit\u00e3o); Everton (Allan), Gabriel Jesus e Firmino (Richarlison). T\u00e9cnico: Tite<\/p>\n<p>Fonte: CBF<\/p>\n","protected":false},"excerpt":{"rendered":"<p>&#8220;N\u00e3o vai ser de brincadeira ele vai ser campe\u00e3o&#8221;.O torcedor avisou antes mesmo de a bola rolar neste domingo (7). No campo, a Sele\u00e7\u00e3o Brasileira correspondeu \u00e0 altura. Em noite de reencontros, &#8220;o campe\u00e3o voltou&#8221;. Voltou ao Maracan\u00e3, voltou a disputar uma final. Dentro de casa, o Brasil venceu o Peru por 3 a 1 [&hellip;]<\/p>\n","protected":false},"author":96,"featured_media":143430,"comment_status":"closed","ping_status":"closed","sticky":false,"template":"","format":"standard","meta":{"footnotes":""},"categories":[436,257,439],"tags":[],"class_list":["post-143429","post","type-post","status-publish","format-standard","has-post-thumbnail","hentry","category-destaque-da-semana","category-esporte","category-ultima-hora"],"_links":{"self":[{"href":"https:\/\/diarioregionaldigital.com.br\/index.php?rest_route=\/wp\/v2\/posts\/143429","targetHints":{"allow":["GET"]}}],"collection":[{"href":"https:\/\/diarioregionaldigital.com.br\/index.php?rest_route=\/wp\/v2\/posts"}],"about":[{"href":"https:\/\/diarioregionaldigital.com.br\/index.php?rest_route=\/wp\/v2\/types\/post"}],"author":[{"embeddable":true,"href":"https:\/\/diarioregionaldigital.com.br\/index.php?rest_route=\/wp\/v2\/users\/96"}],"replies":[{"embeddable":true,"href":"https:\/\/diarioregionaldigital.com.br\/index.php?rest_route=%2Fwp%2Fv2%2Fcomments&post=143429"}],"version-history":[{"count":0,"href":"https:\/\/diarioregionaldigital.com.br\/index.php?rest_route=\/wp\/v2\/posts\/143429\/revisions"}],"wp:featuredmedia":[{"embeddable":true,"href":"https:\/\/diarioregionaldigital.com.br\/index.php?rest_route=\/wp\/v2\/media\/143430"}],"wp:attachment":[{"href":"https:\/\/diarioregionaldigital.com.br\/index.php?rest_route=%2Fwp%2Fv2%2Fmedia&parent=143429"}],"wp:term":[{"taxonomy":"category","embeddable":true,"href":"https:\/\/diarioregionaldigital.com.br\/index.php?rest_route=%2Fwp%2Fv2%2Fcategories&post=143429"},{"taxonomy":"post_tag","embeddable":true,"href":"https:\/\/diarioregionaldigital.com.br\/index.php?rest_route=%2Fwp%2Fv2%2Ftags&post=143429"}],"curies":[{"name":"wp","href":"https:\/\/api.w.org\/{rel}","templated":true}]}}