{"id":143428,"date":"2019-07-08T18:29:01","date_gmt":"2019-07-08T21:29:01","guid":{"rendered":"https:\/\/diarioregionaldigital.com.br\/?p=143428"},"modified":"2019-07-08T18:29:01","modified_gmt":"2019-07-08T21:29:01","slug":"muitos-gols-marcam-a-primeira-rodada-da-copa-uniao-das-vilas","status":"publish","type":"post","link":"https:\/\/diarioregionaldigital.com.br\/?p=143428","title":{"rendered":"Muitos gols marcam a primeira rodada da Copa Uni\u00e3o das Vilas"},"content":{"rendered":"<p>Com muita bola na rede, a segunda edi\u00e7\u00e3o da Copa Uni\u00e3o das Vilas agitou o final de semana. Neste domingo, 7, o campo de society do &#8220;N\u00facleo Travessia&#8221;, palco de todas as partidas da competi\u00e7\u00e3o, recebeu uma chuva de gols. Abaixo, os jogos da rodada.<\/p>\n<p>&nbsp;<\/p>\n<p>Domingo, 7<\/p>\n<p>&nbsp;<\/p>\n<p>Estamos A\u00ed 2 x 3 Atl\u00e9tico<\/p>\n<p>Unidos da Vila 3 x 0 VOC<\/p>\n<p>Ass. Lixarte 3 x 0 M\u00e1fia Azul<\/p>\n<p>Orlando City 2 x 3 Atl\u00e9tico Caixa D\u00b4\u00e1gua<\/p>\n<p>&nbsp;<\/p>\n<p>A segunda rodada est\u00e1 marcada para o pr\u00f3ximo dia 14. As equipes est\u00e3o divididas em duas chaves. A primeira fase conta com tr\u00eas rodadas, em que todas as equipes jogam. Os dois primeiros de cada chave passam para as semifinais. A Copa Uni\u00e3o das Vilas re\u00fane equipes formadas por moradores dos bairros da regi\u00e3o Sudeste e \u00e9 realizada pela Secretaria de Esporte e Lazer (SEL), em parceria com a de Desenvolvimento Social (SDS), ambas da Prefeitura de Juiz de Fora (PJF). O torneio foi uma solicita\u00e7\u00e3o da Associa\u00e7\u00e3o de Moradores da Vila Olavo Costa.<\/p>\n<p>Fonte: PJF<\/p>\n","protected":false},"excerpt":{"rendered":"<p>Com muita bola na rede, a segunda edi\u00e7\u00e3o da Copa Uni\u00e3o das Vilas agitou o final de semana. Neste domingo, 7, o campo de society do &#8220;N\u00facleo Travessia&#8221;, palco de todas as partidas da competi\u00e7\u00e3o, recebeu uma chuva de gols. Abaixo, os jogos da rodada. &nbsp; Domingo, 7 &nbsp; Estamos A\u00ed 2 x 3 Atl\u00e9tico [&hellip;]<\/p>\n","protected":false},"author":96,"featured_media":143437,"comment_status":"closed","ping_status":"closed","sticky":false,"template":"","format":"standard","meta":{"footnotes":""},"categories":[436,257,439],"tags":[],"class_list":["post-143428","post","type-post","status-publish","format-standard","has-post-thumbnail","hentry","category-destaque-da-semana","category-esporte","category-ultima-hora"],"_links":{"self":[{"href":"https:\/\/diarioregionaldigital.com.br\/index.php?rest_route=\/wp\/v2\/posts\/143428","targetHints":{"allow":["GET"]}}],"collection":[{"href":"https:\/\/diarioregionaldigital.com.br\/index.php?rest_route=\/wp\/v2\/posts"}],"about":[{"href":"https:\/\/diarioregionaldigital.com.br\/index.php?rest_route=\/wp\/v2\/types\/post"}],"author":[{"embeddable":true,"href":"https:\/\/diarioregionaldigital.com.br\/index.php?rest_route=\/wp\/v2\/users\/96"}],"replies":[{"embeddable":true,"href":"https:\/\/diarioregionaldigital.com.br\/index.php?rest_route=%2Fwp%2Fv2%2Fcomments&post=143428"}],"version-history":[{"count":0,"href":"https:\/\/diarioregionaldigital.com.br\/index.php?rest_route=\/wp\/v2\/posts\/143428\/revisions"}],"wp:featuredmedia":[{"embeddable":true,"href":"https:\/\/diarioregionaldigital.com.br\/index.php?rest_route=\/wp\/v2\/media\/143437"}],"wp:attachment":[{"href":"https:\/\/diarioregionaldigital.com.br\/index.php?rest_route=%2Fwp%2Fv2%2Fmedia&parent=143428"}],"wp:term":[{"taxonomy":"category","embeddable":true,"href":"https:\/\/diarioregionaldigital.com.br\/index.php?rest_route=%2Fwp%2Fv2%2Fcategories&post=143428"},{"taxonomy":"post_tag","embeddable":true,"href":"https:\/\/diarioregionaldigital.com.br\/index.php?rest_route=%2Fwp%2Fv2%2Ftags&post=143428"}],"curies":[{"name":"wp","href":"https:\/\/api.w.org\/{rel}","templated":true}]}}