{"id":143427,"date":"2019-07-08T18:26:04","date_gmt":"2019-07-08T21:26:04","guid":{"rendered":"https:\/\/diarioregionaldigital.com.br\/?p=143427"},"modified":"2019-07-08T18:26:04","modified_gmt":"2019-07-08T21:26:04","slug":"brasil-fica-com-a-medalha-de-prata-na-liga-das-nacoes","status":"publish","type":"post","link":"https:\/\/diarioregionaldigital.com.br\/?p=143427","title":{"rendered":"Brasil fica com a medalha de prata na Liga das Na\u00e7\u00f5es"},"content":{"rendered":"<p>A sele\u00e7\u00e3o brasileira feminina de v\u00f4lei ficou com a medalha de prata na Liga das Na\u00e7\u00f5es. Neste domingo (07.07), o Brasil foi superado pelos Estados Unidos por 3 sets a 2 (20\/25, 22\/25, 25\/15, 25\/21 e 15\/13) na final da competi\u00e7\u00e3o, em Nanquim. A China terminou em terceiro lugar ao vencer a Turquia na disputa pelo bronze por 3 sets a 1 (25\/23, 25\/15, 20\/25 e 25\/21).<\/p>\n<p>A ponteira Gabi e a oposta Lorenne se destacaram e foram as maiores pontuadoras entre as brasileiras, com 20 pontos cada. A central Mara tamb\u00e9m teve uma boa pontua\u00e7\u00e3o, com 15 acertos. Pelo lado dos Estados Unidos destaque para a oposta Drews, maior pontuadora do confronto, com 33 pontos.<\/p>\n<p>O treinador Jos\u00e9 Roberto Guimar\u00e3es fez uma an\u00e1lise sobre a participa\u00e7\u00e3o do Brasil na Liga das Na\u00e7\u00f5es e destacou a dedica\u00e7\u00e3o do grupo brasileiro durante as sete semanas da competi\u00e7\u00e3o.<\/p>\n<p>\u201cFoi importante chegarmos nessa final. A nossa trajet\u00f3ria na Liga das Na\u00e7\u00f5es foi positiva. N\u00f3s passamos por muitas dificuldades e conseguimos a classifica\u00e7\u00e3o para final. Preciso enaltecer as jogadoras pela luta, garra e dedica\u00e7\u00e3o. Tenho muito orgulho desse grupo. Elas se comportaram muito bem e lutaram durante todo o campeonato. Foi uma pena termos perdido a Nat\u00e1lia no final do segundo set. Ela estava bem e voltando a sua melhor forma. Os Estados Unidos foram melhores nos \u00faltimos sets e mereceram a vit\u00f3ria\u201d, disse Jos\u00e9 Roberto Guimar\u00e3es que tamb\u00e9m comentou sobre a boa participa\u00e7\u00e3o da nova gera\u00e7\u00e3o de atletas.<\/p>\n<p>\u201cFico feliz pelas jogadoras jovens que se apresentaram bem. Vamos seguir lutando e trabalhando para os pr\u00f3ximos desafios\u201d, garantiu Jos\u00e9 Roberto Guimar\u00e3es.<\/p>\n<p>A ponteira Nat\u00e1lia deixou a partida ainda no segundo set com dores na panturrilha esquerda. A atacante realizar\u00e1 exames no Brasil na pr\u00f3xima semana para conhecer a gravidade da les\u00e3o.<\/p>\n<p>Fonte: CBV<\/p>\n","protected":false},"excerpt":{"rendered":"<p>A sele\u00e7\u00e3o brasileira feminina de v\u00f4lei ficou com a medalha de prata na Liga das Na\u00e7\u00f5es. Neste domingo (07.07), o Brasil foi superado pelos Estados Unidos por 3 sets a 2 (20\/25, 22\/25, 25\/15, 25\/21 e 15\/13) na final da competi\u00e7\u00e3o, em Nanquim. A China terminou em terceiro lugar ao vencer a Turquia na disputa [&hellip;]<\/p>\n","protected":false},"author":96,"featured_media":143435,"comment_status":"closed","ping_status":"closed","sticky":false,"template":"","format":"standard","meta":{"footnotes":""},"categories":[436,257,439],"tags":[],"class_list":["post-143427","post","type-post","status-publish","format-standard","has-post-thumbnail","hentry","category-destaque-da-semana","category-esporte","category-ultima-hora"],"_links":{"self":[{"href":"https:\/\/diarioregionaldigital.com.br\/index.php?rest_route=\/wp\/v2\/posts\/143427","targetHints":{"allow":["GET"]}}],"collection":[{"href":"https:\/\/diarioregionaldigital.com.br\/index.php?rest_route=\/wp\/v2\/posts"}],"about":[{"href":"https:\/\/diarioregionaldigital.com.br\/index.php?rest_route=\/wp\/v2\/types\/post"}],"author":[{"embeddable":true,"href":"https:\/\/diarioregionaldigital.com.br\/index.php?rest_route=\/wp\/v2\/users\/96"}],"replies":[{"embeddable":true,"href":"https:\/\/diarioregionaldigital.com.br\/index.php?rest_route=%2Fwp%2Fv2%2Fcomments&post=143427"}],"version-history":[{"count":0,"href":"https:\/\/diarioregionaldigital.com.br\/index.php?rest_route=\/wp\/v2\/posts\/143427\/revisions"}],"wp:featuredmedia":[{"embeddable":true,"href":"https:\/\/diarioregionaldigital.com.br\/index.php?rest_route=\/wp\/v2\/media\/143435"}],"wp:attachment":[{"href":"https:\/\/diarioregionaldigital.com.br\/index.php?rest_route=%2Fwp%2Fv2%2Fmedia&parent=143427"}],"wp:term":[{"taxonomy":"category","embeddable":true,"href":"https:\/\/diarioregionaldigital.com.br\/index.php?rest_route=%2Fwp%2Fv2%2Fcategories&post=143427"},{"taxonomy":"post_tag","embeddable":true,"href":"https:\/\/diarioregionaldigital.com.br\/index.php?rest_route=%2Fwp%2Fv2%2Ftags&post=143427"}],"curies":[{"name":"wp","href":"https:\/\/api.w.org\/{rel}","templated":true}]}}