{"id":143426,"date":"2019-07-08T18:23:31","date_gmt":"2019-07-08T21:23:31","guid":{"rendered":"https:\/\/diarioregionaldigital.com.br\/?p=143426"},"modified":"2019-07-08T18:23:31","modified_gmt":"2019-07-08T21:23:31","slug":"everton-brilha-em-sua-primeira-final-com-a-selecao","status":"publish","type":"post","link":"https:\/\/diarioregionaldigital.com.br\/?p=143426","title":{"rendered":"Everton brilha em sua primeira final com a Sele\u00e7\u00e3o"},"content":{"rendered":"<p>Everton Cebolinha apareceu quando o Brasil mais precisava. Na vit\u00f3ria por 3 a 1 sobre o Peru, que deu o t\u00edtulo para a Sele\u00e7\u00e3o Brasileira, o jovem atacante foi muito decisivo. Foi dele o gol que abriu o placar, ainda no primeiro tempo Insinuante, usou e abusou de dribles e jogadas de efeito pela ponta esquerda e foi um dos jogadores mais perigosos em campo durante todo o jogo.<\/p>\n<p>Quando o Brasil ficou com um jogador a menos, ap\u00f3s a expuls\u00e3o de Gabriel Jesus, Everton voltou a brilhar. O atacante recebeu pela esquerda, tabelou com Arthur, entrou na \u00e1rea e foi derrubado. P\u00eanalti, que Richarlison bateu com maestria. Ao fim da partida, foi eleito pela Conmebol como o craque do jogo.<\/p>\n<p>\u2013 S\u00f3 tenho a agradecer a Deus por esse momento, toda minha fam\u00edlia. Sem d\u00favida eu n\u00e3o seria nada e nem ningu\u00e9m sem eles. No \u00faltimo jogo, eu fiquei chateado com minha atua\u00e7\u00e3o. Botei na cabe\u00e7a que tinha que dar meu melhor e me entregar. Independente do gol, tinha que dar o sangue. Fui feliz \u2013 destacou o atacante.<\/p>\n<p>Com o gol que marcou na partida contra o Peru, Cebolinha foi o artilheiro da Copa Am\u00e9rica. Al\u00e9m dele, o peruano Paolo Guerrero tamb\u00e9m balan\u00e7ou as redes tr\u00eas vezes. Everton fez a Copa Am\u00e9rica de seus sonhos e ainda procura palavras para descrever esse momento.<\/p>\n<p>\u2013 Fico muito feliz por ter feito tr\u00eas gols na competi\u00e7\u00e3o, agradecer os meus companheiros pelas assist\u00eancias e por permitir que tudo isso tenha acontecido \u2013 completou.<\/p>\n<p>Fonte: CBF<\/p>\n","protected":false},"excerpt":{"rendered":"<p>Everton Cebolinha apareceu quando o Brasil mais precisava. Na vit\u00f3ria por 3 a 1 sobre o Peru, que deu o t\u00edtulo para a Sele\u00e7\u00e3o Brasileira, o jovem atacante foi muito decisivo. Foi dele o gol que abriu o placar, ainda no primeiro tempo Insinuante, usou e abusou de dribles e jogadas de efeito pela ponta [&hellip;]<\/p>\n","protected":false},"author":96,"featured_media":143432,"comment_status":"closed","ping_status":"closed","sticky":false,"template":"","format":"standard","meta":{"footnotes":""},"categories":[436,257,439],"tags":[],"class_list":["post-143426","post","type-post","status-publish","format-standard","has-post-thumbnail","hentry","category-destaque-da-semana","category-esporte","category-ultima-hora"],"_links":{"self":[{"href":"https:\/\/diarioregionaldigital.com.br\/index.php?rest_route=\/wp\/v2\/posts\/143426","targetHints":{"allow":["GET"]}}],"collection":[{"href":"https:\/\/diarioregionaldigital.com.br\/index.php?rest_route=\/wp\/v2\/posts"}],"about":[{"href":"https:\/\/diarioregionaldigital.com.br\/index.php?rest_route=\/wp\/v2\/types\/post"}],"author":[{"embeddable":true,"href":"https:\/\/diarioregionaldigital.com.br\/index.php?rest_route=\/wp\/v2\/users\/96"}],"replies":[{"embeddable":true,"href":"https:\/\/diarioregionaldigital.com.br\/index.php?rest_route=%2Fwp%2Fv2%2Fcomments&post=143426"}],"version-history":[{"count":0,"href":"https:\/\/diarioregionaldigital.com.br\/index.php?rest_route=\/wp\/v2\/posts\/143426\/revisions"}],"wp:featuredmedia":[{"embeddable":true,"href":"https:\/\/diarioregionaldigital.com.br\/index.php?rest_route=\/wp\/v2\/media\/143432"}],"wp:attachment":[{"href":"https:\/\/diarioregionaldigital.com.br\/index.php?rest_route=%2Fwp%2Fv2%2Fmedia&parent=143426"}],"wp:term":[{"taxonomy":"category","embeddable":true,"href":"https:\/\/diarioregionaldigital.com.br\/index.php?rest_route=%2Fwp%2Fv2%2Fcategories&post=143426"},{"taxonomy":"post_tag","embeddable":true,"href":"https:\/\/diarioregionaldigital.com.br\/index.php?rest_route=%2Fwp%2Fv2%2Ftags&post=143426"}],"curies":[{"name":"wp","href":"https:\/\/api.w.org\/{rel}","templated":true}]}}