{"id":143400,"date":"2019-07-08T15:14:17","date_gmt":"2019-07-08T18:14:17","guid":{"rendered":"https:\/\/diarioregionaldigital.com.br\/?p=143400"},"modified":"2019-07-08T15:14:17","modified_gmt":"2019-07-08T18:14:17","slug":"petropolis-recebe-a-10a-edicao-do-serra-wine-week","status":"publish","type":"post","link":"https:\/\/diarioregionaldigital.com.br\/?p=143400","title":{"rendered":"Petr\u00f3polis recebe a 10\u00aa edi\u00e7\u00e3o do \u201cSerra Wine Week\u201d"},"content":{"rendered":"<p>Petr\u00f3polis j\u00e1 est\u00e1 pronta para dar in\u00edcio \u00e0 d\u00e9cima edi\u00e7\u00e3o do evento mais esperado do ano: o Serra Wine Week. No encontro, que promete apresentar o mesmo bom gosto de anos anteriores, sofisticados vinhos a pre\u00e7os promocionais estar\u00e3o aguardando por voc\u00ea entre os dias 04 e 14 de julho. Criado em 2009, o evento ganhou notoriedade gra\u00e7as \u00e0 dedica\u00e7\u00e3o de empres\u00e1rios do ramo, recebendo o apoio de organiza\u00e7\u00f5es que perceberam um cen\u00e1rio perfeito para crescimento e visibilidade de Petr\u00f3polis.<\/p>\n<p>Pautado nos detalhes, o Serra Wine Week traz este ano o que h\u00e1 de melhor aos visitantes. Os r\u00f3tulos foram cuidadosamente escolhidos pelos renomados sommeliers Eduardo Leite, Ant\u00f4nio Costa, Wallace Correa, Filipe Vieira, Renan Cardoso e representantes da All Confiance, importadora oficial do evento. O trabalho levou em considera\u00e7\u00e3o todos os itens presentes no processo de escolha de vinhos, como qualidade, custo e harmoniza\u00e7\u00e3o com os pratos oferecidos pelos restaurantes, hot\u00e9is e pousadas participantes.<\/p>\n<p>E por falar neles, teremos neste ano a presen\u00e7a de vinte dos melhores estabelecimentos da regi\u00e3o, como Benedito Bistrot, Casa D\u2019\u00c2ngelo, Casa Rosa Hotel Boutique, Churrascaria Maj\u00f3rica, Hotel Solar do Imp\u00e9rio, Princesa Isabel Gourmet, Antenor e Filhos, Bomtempo Hotel, Esportes e Lazer, Ch\u00e2teaux Bistrot, Interl\u00fadio Pizzaria, Pousada Parador Santar\u00e9m, Restaurante Parr\u00f4 do Valentim, 2 Vales Restaurante, Pousada Tankamana, Hotel Caminho Real, Hotel Pedra Bonita, Trattoria Quinta do Lago, Pousada Para\u00edso e Restaurante Esta\u00e7\u00e3o 1001.<\/p>\n<p>Entre as estrelas do evento, nossos vinhos, est\u00e3o o Espumante Fabian Branco Brut (Brasil), Calcu Reserva Malbec (2014\/Chile), Alto da Capela (2014\/Portugal), Anay Reserva Cabernet Franc (2017\/Chile), Folha do Meio Colheita (2015\/Portugal), Anay Cabernet Sauvignon (2016\/Chile), Folha do Meio Colheita Branco (2017\/Portugal), Fabian Reserva Cabernet \/ Merlot (2005\/Brasil), Folha do Meio Reserva (2013\/Portugal) e Anay Founder\u2019s Collection (2009\/Chile).<\/p>\n<p>Sem d\u00favidas, o evento \u00e9 a mais perfeita oportunidade para o consumo dos melhores vinhos com um excelente custo benef\u00edcio. Inclusive, durante todo o festival, os vinhos selecionados ser\u00e3o tabelados de R$49,90 a R$159,90. Assim, Por exemplo, r\u00f3tulos normalmente comercializados a R$80,00 ser\u00e3o vendidos a R$49,90. A Cidade Imperial aguarda voc\u00ea de bra\u00e7os abertos para o X Serra Wine Week, de 04 a 14 de julho.<\/p>\n<p>&nbsp;<\/p>\n","protected":false},"excerpt":{"rendered":"<p>Petr\u00f3polis j\u00e1 est\u00e1 pronta para dar in\u00edcio \u00e0 d\u00e9cima edi\u00e7\u00e3o do evento mais esperado do ano: o Serra Wine Week. No encontro, que promete apresentar o mesmo bom gosto de anos anteriores, sofisticados vinhos a pre\u00e7os promocionais estar\u00e3o aguardando por voc\u00ea entre os dias 04 e 14 de julho. Criado em 2009, o evento ganhou [&hellip;]<\/p>\n","protected":false},"author":96,"featured_media":143401,"comment_status":"closed","ping_status":"closed","sticky":false,"template":"","format":"standard","meta":{"footnotes":""},"categories":[436,252,439],"tags":[],"class_list":["post-143400","post","type-post","status-publish","format-standard","has-post-thumbnail","hentry","category-destaque-da-semana","category-regiao","category-ultima-hora"],"_links":{"self":[{"href":"https:\/\/diarioregionaldigital.com.br\/index.php?rest_route=\/wp\/v2\/posts\/143400","targetHints":{"allow":["GET"]}}],"collection":[{"href":"https:\/\/diarioregionaldigital.com.br\/index.php?rest_route=\/wp\/v2\/posts"}],"about":[{"href":"https:\/\/diarioregionaldigital.com.br\/index.php?rest_route=\/wp\/v2\/types\/post"}],"author":[{"embeddable":true,"href":"https:\/\/diarioregionaldigital.com.br\/index.php?rest_route=\/wp\/v2\/users\/96"}],"replies":[{"embeddable":true,"href":"https:\/\/diarioregionaldigital.com.br\/index.php?rest_route=%2Fwp%2Fv2%2Fcomments&post=143400"}],"version-history":[{"count":0,"href":"https:\/\/diarioregionaldigital.com.br\/index.php?rest_route=\/wp\/v2\/posts\/143400\/revisions"}],"wp:featuredmedia":[{"embeddable":true,"href":"https:\/\/diarioregionaldigital.com.br\/index.php?rest_route=\/wp\/v2\/media\/143401"}],"wp:attachment":[{"href":"https:\/\/diarioregionaldigital.com.br\/index.php?rest_route=%2Fwp%2Fv2%2Fmedia&parent=143400"}],"wp:term":[{"taxonomy":"category","embeddable":true,"href":"https:\/\/diarioregionaldigital.com.br\/index.php?rest_route=%2Fwp%2Fv2%2Fcategories&post=143400"},{"taxonomy":"post_tag","embeddable":true,"href":"https:\/\/diarioregionaldigital.com.br\/index.php?rest_route=%2Fwp%2Fv2%2Ftags&post=143400"}],"curies":[{"name":"wp","href":"https:\/\/api.w.org\/{rel}","templated":true}]}}