{"id":143397,"date":"2019-07-08T14:33:12","date_gmt":"2019-07-08T17:33:12","guid":{"rendered":"https:\/\/diarioregionaldigital.com.br\/?p=143397"},"modified":"2019-07-08T14:33:12","modified_gmt":"2019-07-08T17:33:12","slug":"embaixador-diz-que-reformas-atrairao-empresas-japonesas-para-o-brasil","status":"publish","type":"post","link":"https:\/\/diarioregionaldigital.com.br\/?p=143397","title":{"rendered":"Embaixador diz que reformas atrair\u00e3o empresas japonesas para o Brasil"},"content":{"rendered":"<p>O embaixador do Jap\u00e3o no Brasil, Akira Yamada, disse hoje (8), em Bras\u00edlia, que a aprova\u00e7\u00e3o pelo Congresso Nacional de reformas, como a da Previd\u00eancia, pode estimular que mais empresas japonesas invistam no Brasil.<\/p>\n<p>\u201cEstou convicto de que, se as reformas avan\u00e7arem, muitas empresas japonesas voltar\u00e3o a olhar para o Brasil novamente para se instalar e aumentar os investimentos\u201d, afirmou, destacando a coopera\u00e7\u00e3o econ\u00f4mica entre os dois pa\u00edses.<\/p>\n<p>A declara\u00e7\u00e3o foi feita durante sess\u00e3o solene no Senado em homenagem aos 111 anos da imigra\u00e7\u00e3o japonesa no pa\u00eds.<\/p>\n<div class=\"dnd-widget-wrapper context-cheio_8colunas type-image\">\n<div class=\"dnd-atom-rendered\">\n<figure class=\"mejs-fotoh-wrapper\"><img decoding=\"async\" class=\"img-responsive full full\" title=\"Marcelo Camargo\/Ag\u00eancia Brasil\" src=\"http:\/\/imagens.ebc.com.br\/vrC5LHI2ydX63hVQsYLee4fezK0=\/754x0\/smart\/http:\/\/agenciabrasil.ebc.com.br\/sites\/default\/files\/thumbnails\/image\/img_2718df.jpg?itok=0wCayerO\" alt=\"O Senado Federal realiza sess\u00e3o especial em comemora\u00e7\u00e3o aos 111 anos da imigra\u00e7\u00e3o japonesa no Brasil. \" \/><\/figure>\n<\/div>\n<div class=\"dnd-caption-wrapper\">\n<div class=\"meta\">Senado realizou sess\u00e3o para comemorar 111 anos da imigra\u00e7\u00e3o japonesa \u00a0 \u00a0\u00a0<strong>(Marcelo Camargo\/Ag\u00eancia Brasil)<\/strong><\/div>\n<\/div>\n<\/div>\n<p>\u201cTerceira maior economia do mundo, o Jap\u00e3o apresenta muitas oportunidades e oferece enorme potencial para as exporta\u00e7\u00f5es brasileiras. Parceiro mais tradicional do Brasil na \u00c1sia e com quem temos coopera\u00e7\u00e3o t\u00e9cnica h\u00e1 60 anos, o governo brasileiro tem envidado esfor\u00e7os para o in\u00edcio das negocia\u00e7\u00f5es comerciais Mercosul e Jap\u00e3o, um melhor acesso de produtos de nosso agroneg\u00f3cio, a diversifica\u00e7\u00e3o de nossas exporta\u00e7\u00f5es e atra\u00e7\u00e3o de novos investimentos japoneses\u201d\u00a0 ressaltou a diretora do departamento de Jap\u00e3o e Pac\u00edfico do Minist\u00e9rio de Rela\u00e7\u00f5es Exteriores, Cec\u00edlia Ishitani.<\/p>\n<p>A sess\u00e3o &#8211; proposta pela senadora Leila Barros (PSB &#8211; DF) &#8211; lembrou a chegada , em junho de 1908, do navio Kasato Maru, no Porto de Santos (SP), trazendo 781 japoneses para trabalhar nas fazendas do interior paulista.<\/p>\n<p>Hoje, o Brasil abriga a maior comunidade de descendentes nip\u00f4nicos do mundo, com cerca de 2 milh\u00f5es de pessoas.<\/p>\n<p>A solenidade teve ainda dan\u00e7a t\u00edpica japonesa e apresenta\u00e7\u00e3o de jud\u00f4.<\/p>\n<p>Fonte: Ag\u00eancia Brasil<\/p>\n","protected":false},"excerpt":{"rendered":"<p>O embaixador do Jap\u00e3o no Brasil, Akira Yamada, disse hoje (8), em Bras\u00edlia, que a aprova\u00e7\u00e3o pelo Congresso Nacional de reformas, como a da Previd\u00eancia, pode estimular que mais empresas japonesas invistam no Brasil. \u201cEstou convicto de que, se as reformas avan\u00e7arem, muitas empresas japonesas voltar\u00e3o a olhar para o Brasil novamente para se instalar [&hellip;]<\/p>\n","protected":false},"author":96,"featured_media":143398,"comment_status":"closed","ping_status":"closed","sticky":false,"template":"","format":"standard","meta":{"footnotes":""},"categories":[436,254,439],"tags":[],"class_list":["post-143397","post","type-post","status-publish","format-standard","has-post-thumbnail","hentry","category-destaque-da-semana","category-politica","category-ultima-hora"],"_links":{"self":[{"href":"https:\/\/diarioregionaldigital.com.br\/index.php?rest_route=\/wp\/v2\/posts\/143397","targetHints":{"allow":["GET"]}}],"collection":[{"href":"https:\/\/diarioregionaldigital.com.br\/index.php?rest_route=\/wp\/v2\/posts"}],"about":[{"href":"https:\/\/diarioregionaldigital.com.br\/index.php?rest_route=\/wp\/v2\/types\/post"}],"author":[{"embeddable":true,"href":"https:\/\/diarioregionaldigital.com.br\/index.php?rest_route=\/wp\/v2\/users\/96"}],"replies":[{"embeddable":true,"href":"https:\/\/diarioregionaldigital.com.br\/index.php?rest_route=%2Fwp%2Fv2%2Fcomments&post=143397"}],"version-history":[{"count":0,"href":"https:\/\/diarioregionaldigital.com.br\/index.php?rest_route=\/wp\/v2\/posts\/143397\/revisions"}],"wp:featuredmedia":[{"embeddable":true,"href":"https:\/\/diarioregionaldigital.com.br\/index.php?rest_route=\/wp\/v2\/media\/143398"}],"wp:attachment":[{"href":"https:\/\/diarioregionaldigital.com.br\/index.php?rest_route=%2Fwp%2Fv2%2Fmedia&parent=143397"}],"wp:term":[{"taxonomy":"category","embeddable":true,"href":"https:\/\/diarioregionaldigital.com.br\/index.php?rest_route=%2Fwp%2Fv2%2Fcategories&post=143397"},{"taxonomy":"post_tag","embeddable":true,"href":"https:\/\/diarioregionaldigital.com.br\/index.php?rest_route=%2Fwp%2Fv2%2Ftags&post=143397"}],"curies":[{"name":"wp","href":"https:\/\/api.w.org\/{rel}","templated":true}]}}