{"id":143392,"date":"2019-07-08T14:27:38","date_gmt":"2019-07-08T17:27:38","guid":{"rendered":"https:\/\/diarioregionaldigital.com.br\/?p=143392"},"modified":"2019-07-08T14:27:38","modified_gmt":"2019-07-08T17:27:38","slug":"moro-se-licencia-do-cargo-para-periodo-de-ferias","status":"publish","type":"post","link":"https:\/\/diarioregionaldigital.com.br\/?p=143392","title":{"rendered":"Moro se licencia do cargo para per\u00edodo de f\u00e9rias"},"content":{"rendered":"<p>Na pr\u00f3xima semana, o ministro da Justi\u00e7a e Seguran\u00e7a P\u00fablica, Sergio Moro, tira licen\u00e7a n\u00e3o remunerada do cargo para tratar de assuntos particulares. A licen\u00e7a, entre os dias 15 a 19 de julho, foi concedida pelo presidente da Rep\u00fablica, Jair Bolsonaro.<\/p>\n<p>O afastamento sem vencimentos ocorre nos termos da Lei 8112\/90. A assessoria do ministro informou que neste per\u00edodo Moro estar\u00e1 de f\u00e9rias. Por ter assumido o cargo em janeiro, foi usado o recurso da licen\u00e7a. Durante a aus\u00eancia de Moro, o secret\u00e1rio-executivo Luiz Pontel responder\u00e1 interinamente pelo minist\u00e9rio.<\/p>\n<p>O despacho que concede a licen\u00e7a a S\u00e9rgio Moro est\u00e1 na edi\u00e7\u00e3o do<a href=\"http:\/\/pesquisa.in.gov.br\/imprensa\/jsp\/visualiza\/index.jsp?jornal=529&amp;pagina=1&amp;data=08\/07\/2019&amp;totalArquivos=71\" target=\"_blank\" rel=\"noopener\"><em>\u00a0Di\u00e1rio Oficial da Uni\u00e3o<\/em><\/a>\u00a0do dia 8 de julho.<\/p>\n<p>Fonte: Ag\u00eancia Brasil<\/p>\n","protected":false},"excerpt":{"rendered":"<p>Na pr\u00f3xima semana, o ministro da Justi\u00e7a e Seguran\u00e7a P\u00fablica, Sergio Moro, tira licen\u00e7a n\u00e3o remunerada do cargo para tratar de assuntos particulares. A licen\u00e7a, entre os dias 15 a 19 de julho, foi concedida pelo presidente da Rep\u00fablica, Jair Bolsonaro. O afastamento sem vencimentos ocorre nos termos da Lei 8112\/90. A assessoria do ministro [&hellip;]<\/p>\n","protected":false},"author":96,"featured_media":142404,"comment_status":"closed","ping_status":"closed","sticky":false,"template":"","format":"standard","meta":{"footnotes":""},"categories":[436,254,439],"tags":[],"class_list":["post-143392","post","type-post","status-publish","format-standard","has-post-thumbnail","hentry","category-destaque-da-semana","category-politica","category-ultima-hora"],"_links":{"self":[{"href":"https:\/\/diarioregionaldigital.com.br\/index.php?rest_route=\/wp\/v2\/posts\/143392","targetHints":{"allow":["GET"]}}],"collection":[{"href":"https:\/\/diarioregionaldigital.com.br\/index.php?rest_route=\/wp\/v2\/posts"}],"about":[{"href":"https:\/\/diarioregionaldigital.com.br\/index.php?rest_route=\/wp\/v2\/types\/post"}],"author":[{"embeddable":true,"href":"https:\/\/diarioregionaldigital.com.br\/index.php?rest_route=\/wp\/v2\/users\/96"}],"replies":[{"embeddable":true,"href":"https:\/\/diarioregionaldigital.com.br\/index.php?rest_route=%2Fwp%2Fv2%2Fcomments&post=143392"}],"version-history":[{"count":0,"href":"https:\/\/diarioregionaldigital.com.br\/index.php?rest_route=\/wp\/v2\/posts\/143392\/revisions"}],"wp:featuredmedia":[{"embeddable":true,"href":"https:\/\/diarioregionaldigital.com.br\/index.php?rest_route=\/wp\/v2\/media\/142404"}],"wp:attachment":[{"href":"https:\/\/diarioregionaldigital.com.br\/index.php?rest_route=%2Fwp%2Fv2%2Fmedia&parent=143392"}],"wp:term":[{"taxonomy":"category","embeddable":true,"href":"https:\/\/diarioregionaldigital.com.br\/index.php?rest_route=%2Fwp%2Fv2%2Fcategories&post=143392"},{"taxonomy":"post_tag","embeddable":true,"href":"https:\/\/diarioregionaldigital.com.br\/index.php?rest_route=%2Fwp%2Fv2%2Ftags&post=143392"}],"curies":[{"name":"wp","href":"https:\/\/api.w.org\/{rel}","templated":true}]}}