{"id":143386,"date":"2019-07-08T14:19:24","date_gmt":"2019-07-08T17:19:24","guid":{"rendered":"https:\/\/diarioregionaldigital.com.br\/?p=143386"},"modified":"2019-07-08T14:19:24","modified_gmt":"2019-07-08T17:19:24","slug":"rodrigo-maia-semana-sera-decisiva-para-reforma-da-previdencia","status":"publish","type":"post","link":"https:\/\/diarioregionaldigital.com.br\/?p=143386","title":{"rendered":"Rodrigo Maia: semana ser\u00e1 decisiva para reforma da Previd\u00eancia"},"content":{"rendered":"<p>O presidente da C\u00e2mara dos Deputados, Rodrigo Maia (DEM-RJ), disse hoje (8) que a Casa vai viver uma semana decisiva com o in\u00edcio da vota\u00e7\u00e3o da reforma da Previd\u00eancia. Aprovada na semana passada, na comiss\u00e3o especial, a proposta de emenda \u00e0 Constitui\u00e7\u00e3o (PEC 6\/19) vai a plen\u00e1rio nesta ter\u00e7a-feira (9).<\/p>\n<p>\u201cVamos viver uma semana decisiva. O grande desafio nosso \u00e9 a vota\u00e7\u00e3o no plen\u00e1rio. Temos que mobilizar um n\u00famero enorme de parlamentares, deputados, deputadas, para um tema que \u00e9 fundamental e decisivo, mas a gente sabe que foi uma constru\u00e7\u00e3o\u201d, disse Maia, em um\u00a0<em>podcast<\/em>\u00a0publicado em suas redes sociais.<\/p>\n<p>Segundo o presidente da C\u00e2mara, a elabora\u00e7\u00e3o do texto que vai a plen\u00e1rio se deve \u201c\u00e0 capacidade de di\u00e1logo&#8221; e ao &#8220;equil\u00edbrio&#8221; do Congresso.<\/p>\n<p>\u201cA constru\u00e7\u00e3o da vit\u00f3ria, se acontecer, ser\u00e1 uma constru\u00e7\u00e3o do Parlamento, n\u00e3o ser\u00e1 uma constru\u00e7\u00e3o do governo. O governo ajuda. O governo, em alguns momentos, atrapalhou, mas tem ajudado nas \u00faltimas semanas. Mas precisa ficar claro, nesse processo \u2013 exatamente para que os deputados tenham conforto para votar \u2013, que o resultado desta semana ser\u00e1 o resultado do esfor\u00e7o, do trabalho e da dedica\u00e7\u00e3o de cada deputado e de cada deputada\u201d, afirmou Maia.<\/p>\n<h2>Negocia\u00e7\u00f5es<\/h2>\n<p>As negocia\u00e7\u00f5es para vota\u00e7\u00e3o da reforma da Previd\u00eancia continuam entre Maia e l\u00edderes partid\u00e1rios, nesta segunda-feira, ap\u00f3s um fim de semana de conversas na resid\u00eancia oficial da Presid\u00eancia da C\u00e2mara.<\/p>\n<p>No s\u00e1bado (6), Maia se reuniu com l\u00edderes e articuladores do governo. Ele disse estar confiante na\u00a0aprova\u00e7\u00e3o da reforma\u00a0da Previd\u00eancia \u201ccom uma boa margem de votos\u201d. Maia trabalha para que o qu\u00f3rum de deputados seja alto e, terminado o debate, seja poss\u00edvel entrar no processo de vota\u00e7\u00e3o do texto entre ter\u00e7a-feira (9) e quarta-feira (10).<\/p>\n<p>No domingo (7), foi a vez do ministro-chefe da Casa Civil, Onyx Lorenzoni, se reunir com Maia. Na sa\u00edda da reuni\u00e3o, ele demonstrou\u00a0otimismo com a possibilidade de vota\u00e7\u00e3o do primeiro turno\u00a0da reforma da Previd\u00eancia nesta semana no plen\u00e1rio da C\u00e2mara.<\/p>\n<p>O relat\u00f3rio do deputado Samuel Moreira (PSDB-RJ)\u00a0foi aprovado\u00a0na madrugada de sexta-feira (5) na comiss\u00e3o especial destinada a apreciar a Proposta de Emenda \u00e0 Constitui\u00e7\u00e3o (PEC) encaminhada pelo governo. Maia marcou sess\u00f5es no plen\u00e1rio a partir desta segunda-feira (8) \u00e0 tarde para garantir que a mat\u00e9ria comece a ser apreciada no dia seguinte, j\u00e1 que \u00e9 preciso um interst\u00edcio de duas sess\u00f5es do plen\u00e1rio.<\/p>\n<p>Fonte: Ag\u00eancia Brasil<\/p>\n","protected":false},"excerpt":{"rendered":"<p>O presidente da C\u00e2mara dos Deputados, Rodrigo Maia (DEM-RJ), disse hoje (8) que a Casa vai viver uma semana decisiva com o in\u00edcio da vota\u00e7\u00e3o da reforma da Previd\u00eancia. Aprovada na semana passada, na comiss\u00e3o especial, a proposta de emenda \u00e0 Constitui\u00e7\u00e3o (PEC 6\/19) vai a plen\u00e1rio nesta ter\u00e7a-feira (9). \u201cVamos viver uma semana decisiva. [&hellip;]<\/p>\n","protected":false},"author":96,"featured_media":143334,"comment_status":"closed","ping_status":"closed","sticky":false,"template":"","format":"standard","meta":{"footnotes":""},"categories":[436,254,439],"tags":[],"class_list":["post-143386","post","type-post","status-publish","format-standard","has-post-thumbnail","hentry","category-destaque-da-semana","category-politica","category-ultima-hora"],"_links":{"self":[{"href":"https:\/\/diarioregionaldigital.com.br\/index.php?rest_route=\/wp\/v2\/posts\/143386","targetHints":{"allow":["GET"]}}],"collection":[{"href":"https:\/\/diarioregionaldigital.com.br\/index.php?rest_route=\/wp\/v2\/posts"}],"about":[{"href":"https:\/\/diarioregionaldigital.com.br\/index.php?rest_route=\/wp\/v2\/types\/post"}],"author":[{"embeddable":true,"href":"https:\/\/diarioregionaldigital.com.br\/index.php?rest_route=\/wp\/v2\/users\/96"}],"replies":[{"embeddable":true,"href":"https:\/\/diarioregionaldigital.com.br\/index.php?rest_route=%2Fwp%2Fv2%2Fcomments&post=143386"}],"version-history":[{"count":0,"href":"https:\/\/diarioregionaldigital.com.br\/index.php?rest_route=\/wp\/v2\/posts\/143386\/revisions"}],"wp:featuredmedia":[{"embeddable":true,"href":"https:\/\/diarioregionaldigital.com.br\/index.php?rest_route=\/wp\/v2\/media\/143334"}],"wp:attachment":[{"href":"https:\/\/diarioregionaldigital.com.br\/index.php?rest_route=%2Fwp%2Fv2%2Fmedia&parent=143386"}],"wp:term":[{"taxonomy":"category","embeddable":true,"href":"https:\/\/diarioregionaldigital.com.br\/index.php?rest_route=%2Fwp%2Fv2%2Fcategories&post=143386"},{"taxonomy":"post_tag","embeddable":true,"href":"https:\/\/diarioregionaldigital.com.br\/index.php?rest_route=%2Fwp%2Fv2%2Ftags&post=143386"}],"curies":[{"name":"wp","href":"https:\/\/api.w.org\/{rel}","templated":true}]}}