{"id":143373,"date":"2019-07-08T10:09:19","date_gmt":"2019-07-08T13:09:19","guid":{"rendered":"https:\/\/diarioregionaldigital.com.br\/?p=143373"},"modified":"2019-11-30T06:01:20","modified_gmt":"2019-11-30T08:01:20","slug":"in-moda-18","status":"publish","type":"post","link":"https:\/\/diarioregionaldigital.com.br\/?p=143373","title":{"rendered":"In Moda"},"content":{"rendered":"<p style=\"text-align: center\">ANOS 90: CABELOS COLORIDOS<\/p>\n<p style=\"text-align: center\">Os cabelos c o l o r i d o s bombaram nos anos 90, e agora,<br \/>\neles j\u00e1 s\u00e3o comuns no street style. Inclusive misturando v\u00e1rias cores, com efeito degrad\u00ea.<\/p>\n<p><a href=\"https:\/\/diarioregionaldigital.com.br\/wp-content\/uploads\/2019\/07\/diario-pagina-07-5-1.pdf\">Clique aqui para ler a coluna completa!<\/a><\/p>\n","protected":false},"excerpt":{"rendered":"<p>ANOS 90: CABELOS COLORIDOS Os cabelos c o l o r i d o s bombaram nos anos 90, e agora, eles j\u00e1 s\u00e3o comuns no street style. Inclusive misturando v\u00e1rias cores, com efeito degrad\u00ea. Clique aqui para ler a coluna completa!<\/p>\n","protected":false},"author":96,"featured_media":143375,"comment_status":"closed","ping_status":"closed","sticky":false,"template":"","format":"standard","meta":{"footnotes":""},"categories":[285],"tags":[],"class_list":["post-143373","post","type-post","status-publish","format-standard","has-post-thumbnail","hentry","category-moda-ana-paula-calixto"],"_links":{"self":[{"href":"https:\/\/diarioregionaldigital.com.br\/index.php?rest_route=\/wp\/v2\/posts\/143373","targetHints":{"allow":["GET"]}}],"collection":[{"href":"https:\/\/diarioregionaldigital.com.br\/index.php?rest_route=\/wp\/v2\/posts"}],"about":[{"href":"https:\/\/diarioregionaldigital.com.br\/index.php?rest_route=\/wp\/v2\/types\/post"}],"author":[{"embeddable":true,"href":"https:\/\/diarioregionaldigital.com.br\/index.php?rest_route=\/wp\/v2\/users\/96"}],"replies":[{"embeddable":true,"href":"https:\/\/diarioregionaldigital.com.br\/index.php?rest_route=%2Fwp%2Fv2%2Fcomments&post=143373"}],"version-history":[{"count":0,"href":"https:\/\/diarioregionaldigital.com.br\/index.php?rest_route=\/wp\/v2\/posts\/143373\/revisions"}],"wp:featuredmedia":[{"embeddable":true,"href":"https:\/\/diarioregionaldigital.com.br\/index.php?rest_route=\/wp\/v2\/media\/143375"}],"wp:attachment":[{"href":"https:\/\/diarioregionaldigital.com.br\/index.php?rest_route=%2Fwp%2Fv2%2Fmedia&parent=143373"}],"wp:term":[{"taxonomy":"category","embeddable":true,"href":"https:\/\/diarioregionaldigital.com.br\/index.php?rest_route=%2Fwp%2Fv2%2Fcategories&post=143373"},{"taxonomy":"post_tag","embeddable":true,"href":"https:\/\/diarioregionaldigital.com.br\/index.php?rest_route=%2Fwp%2Fv2%2Ftags&post=143373"}],"curies":[{"name":"wp","href":"https:\/\/api.w.org\/{rel}","templated":true}]}}