{"id":143369,"date":"2019-07-08T10:05:24","date_gmt":"2019-07-08T13:05:24","guid":{"rendered":"https:\/\/diarioregionaldigital.com.br\/?p=143369"},"modified":"2019-11-30T06:01:14","modified_gmt":"2019-11-30T08:01:14","slug":"in-moda-17","status":"publish","type":"post","link":"https:\/\/diarioregionaldigital.com.br\/?p=143369","title":{"rendered":"In Moda"},"content":{"rendered":"<p style=\"text-align: center\">DE OLHO NA PR\u00d3XIMA ESTA\u00c7\u00c3O<\/p>\n<p style=\"text-align: center\">Algumas dessas tend\u00eancias, inclusive, continuam na<br \/>\nprimavera\/ver\u00e3o 2020. Como o amarelo, o roxo, vermelho, laranja e rosa, por exemplo. Nada melhor do que j\u00e1<br \/>\ndeixar o arm\u00e1rio pronto para a pr\u00f3xima esta\u00e7\u00e3o com um<br \/>\npre\u00e7o melhor ainda.<\/p>\n<p><a href=\"https:\/\/diarioregionaldigital.com.br\/wp-content\/uploads\/2019\/07\/diario-pagina-07-4.pdf\">Clique aqui para ler a coluna completa<\/a><\/p>\n","protected":false},"excerpt":{"rendered":"<p>DE OLHO NA PR\u00d3XIMA ESTA\u00c7\u00c3O Algumas dessas tend\u00eancias, inclusive, continuam na primavera\/ver\u00e3o 2020. Como o amarelo, o roxo, vermelho, laranja e rosa, por exemplo. Nada melhor do que j\u00e1 deixar o arm\u00e1rio pronto para a pr\u00f3xima esta\u00e7\u00e3o com um pre\u00e7o melhor ainda. Clique aqui para ler a coluna completa<\/p>\n","protected":false},"author":96,"featured_media":143370,"comment_status":"closed","ping_status":"closed","sticky":false,"template":"","format":"standard","meta":{"footnotes":""},"categories":[285],"tags":[],"class_list":["post-143369","post","type-post","status-publish","format-standard","has-post-thumbnail","hentry","category-moda-ana-paula-calixto"],"_links":{"self":[{"href":"https:\/\/diarioregionaldigital.com.br\/index.php?rest_route=\/wp\/v2\/posts\/143369","targetHints":{"allow":["GET"]}}],"collection":[{"href":"https:\/\/diarioregionaldigital.com.br\/index.php?rest_route=\/wp\/v2\/posts"}],"about":[{"href":"https:\/\/diarioregionaldigital.com.br\/index.php?rest_route=\/wp\/v2\/types\/post"}],"author":[{"embeddable":true,"href":"https:\/\/diarioregionaldigital.com.br\/index.php?rest_route=\/wp\/v2\/users\/96"}],"replies":[{"embeddable":true,"href":"https:\/\/diarioregionaldigital.com.br\/index.php?rest_route=%2Fwp%2Fv2%2Fcomments&post=143369"}],"version-history":[{"count":0,"href":"https:\/\/diarioregionaldigital.com.br\/index.php?rest_route=\/wp\/v2\/posts\/143369\/revisions"}],"wp:featuredmedia":[{"embeddable":true,"href":"https:\/\/diarioregionaldigital.com.br\/index.php?rest_route=\/wp\/v2\/media\/143370"}],"wp:attachment":[{"href":"https:\/\/diarioregionaldigital.com.br\/index.php?rest_route=%2Fwp%2Fv2%2Fmedia&parent=143369"}],"wp:term":[{"taxonomy":"category","embeddable":true,"href":"https:\/\/diarioregionaldigital.com.br\/index.php?rest_route=%2Fwp%2Fv2%2Fcategories&post=143369"},{"taxonomy":"post_tag","embeddable":true,"href":"https:\/\/diarioregionaldigital.com.br\/index.php?rest_route=%2Fwp%2Fv2%2Ftags&post=143369"}],"curies":[{"name":"wp","href":"https:\/\/api.w.org\/{rel}","templated":true}]}}