{"id":143360,"date":"2019-07-08T09:56:28","date_gmt":"2019-07-08T12:56:28","guid":{"rendered":"https:\/\/diarioregionaldigital.com.br\/?p=143360"},"modified":"2019-11-30T06:01:09","modified_gmt":"2019-11-30T08:01:09","slug":"in-moda-15","status":"publish","type":"post","link":"https:\/\/diarioregionaldigital.com.br\/?p=143360","title":{"rendered":"In Moda"},"content":{"rendered":"<p style=\"text-align: center\">COLCCI +<br \/>\nSUSTENTABILIDADE<\/p>\n<p>Um assunto que est\u00e1 muito em alta<br \/>\n\u00e9 a sustentabilidade e as marcas de moda est\u00e3o cada vez mais se preocupando com os impactos que a produ\u00e7\u00e3o de uma pe\u00e7a pode gerar no meio<br \/>\nambiente. A Colcci n\u00e3o ficou de fora desse movimento e acaba de lan\u00e7ar sua linha Eco Soul e a id\u00e9ia \u00e9 fazer com que todo o processo de produ\u00e7\u00e3o<br \/>\nocorra de forma sustent\u00e1vel, da etiqueta at\u00e9 a embalagem final, a partir de reciclagem de fibras t\u00eaxteis o que<br \/>\nainda proporciona economia de \u00e1guano tingimento das pe\u00e7as.<\/p>\n<p><a href=\"https:\/\/diarioregionaldigital.com.br\/wp-content\/uploads\/2019\/07\/diario-pagina-07-2.pdf\">Clique aqui para ler a coluna completa<\/a><\/p>\n","protected":false},"excerpt":{"rendered":"<p>COLCCI + SUSTENTABILIDADE Um assunto que est\u00e1 muito em alta \u00e9 a sustentabilidade e as marcas de moda est\u00e3o cada vez mais se preocupando com os impactos que a produ\u00e7\u00e3o de uma pe\u00e7a pode gerar no meio ambiente. A Colcci n\u00e3o ficou de fora desse movimento e acaba de lan\u00e7ar sua linha Eco Soul e [&hellip;]<\/p>\n","protected":false},"author":96,"featured_media":143362,"comment_status":"closed","ping_status":"closed","sticky":false,"template":"","format":"standard","meta":{"footnotes":""},"categories":[285],"tags":[],"class_list":["post-143360","post","type-post","status-publish","format-standard","has-post-thumbnail","hentry","category-moda-ana-paula-calixto"],"_links":{"self":[{"href":"https:\/\/diarioregionaldigital.com.br\/index.php?rest_route=\/wp\/v2\/posts\/143360","targetHints":{"allow":["GET"]}}],"collection":[{"href":"https:\/\/diarioregionaldigital.com.br\/index.php?rest_route=\/wp\/v2\/posts"}],"about":[{"href":"https:\/\/diarioregionaldigital.com.br\/index.php?rest_route=\/wp\/v2\/types\/post"}],"author":[{"embeddable":true,"href":"https:\/\/diarioregionaldigital.com.br\/index.php?rest_route=\/wp\/v2\/users\/96"}],"replies":[{"embeddable":true,"href":"https:\/\/diarioregionaldigital.com.br\/index.php?rest_route=%2Fwp%2Fv2%2Fcomments&post=143360"}],"version-history":[{"count":0,"href":"https:\/\/diarioregionaldigital.com.br\/index.php?rest_route=\/wp\/v2\/posts\/143360\/revisions"}],"wp:featuredmedia":[{"embeddable":true,"href":"https:\/\/diarioregionaldigital.com.br\/index.php?rest_route=\/wp\/v2\/media\/143362"}],"wp:attachment":[{"href":"https:\/\/diarioregionaldigital.com.br\/index.php?rest_route=%2Fwp%2Fv2%2Fmedia&parent=143360"}],"wp:term":[{"taxonomy":"category","embeddable":true,"href":"https:\/\/diarioregionaldigital.com.br\/index.php?rest_route=%2Fwp%2Fv2%2Fcategories&post=143360"},{"taxonomy":"post_tag","embeddable":true,"href":"https:\/\/diarioregionaldigital.com.br\/index.php?rest_route=%2Fwp%2Fv2%2Ftags&post=143360"}],"curies":[{"name":"wp","href":"https:\/\/api.w.org\/{rel}","templated":true}]}}