{"id":143341,"date":"2019-07-06T07:57:10","date_gmt":"2019-07-06T10:57:10","guid":{"rendered":"https:\/\/diarioregionaldigital.com.br\/?p=143341"},"modified":"2019-07-06T11:52:09","modified_gmt":"2019-07-06T14:52:09","slug":"aerea-argentina-flybondi-comeca-operar-no-brasil-a-partir-de-outubro","status":"publish","type":"post","link":"https:\/\/diarioregionaldigital.com.br\/?p=143341","title":{"rendered":"A\u00e9rea argentina Flybondi come\u00e7a operar no Brasil a partir de outubro"},"content":{"rendered":"<p>A Flybondi, companhia a\u00e9rea da Argentina, que adota o modelo<em>\u00a0low cost<\/em>\u00a0(baixo custo), come\u00e7a a operar no Brasil a partir de outubro deste ano.<\/p>\n<p>Segundo a Ag\u00eancia Nacional de Avia\u00e7\u00e3o Civil (Anac), a empresa iniciar\u00e1 suas atividades com tr\u00eas voos semanais entre as cidades de Buenos Aires e e do Rio de Janeiro.<\/p>\n<div class=\"dnd-widget-wrapper context-cheio_8colunas type-image\">\n<div class=\"dnd-atom-rendered\">\n<figure class=\"mejs-fotoh-wrapper\"><img decoding=\"async\" class=\"img-responsive full full\" title=\"Divulga\u00e7\u00e3o Flybondi\" src=\"http:\/\/imagens.ebc.com.br\/6vLOCP7qr8UckaRnka3RruLPENE=\/754x0\/smart\/http:\/\/agenciabrasil.ebc.com.br\/sites\/default\/files\/thumbnails\/image\/flybondi.jpeg?itok=NUzrhF22\" alt=\"Flybondi ser\u00e1 a terceira empresa a\u00e9rea low cost a voar no pa\u00eds\" \/><\/figure>\n<\/div>\n<div class=\"dnd-caption-wrapper\">\n<div class=\"meta\">Flybondi ser\u00e1 a terceira empresa a\u00e9rea low cost a voar no pa\u00eds &#8211;\u00a0<strong>Divulga\u00e7\u00e3o Flybondi<\/strong><\/div>\n<\/div>\n<\/div>\n<p>A autoriza\u00e7\u00e3o para a Flybondi iniciar suas opera\u00e7\u00f5es internacionais no Brasil foi concedida pela Anac, durante a 11\u00aa Reuni\u00e3o da Diretoria Colegiada da Ag\u00eancia, no come\u00e7o desta semana.<\/p>\n<p>A medida \u00e9 a \u00faltima etapa para que uma empresa estrangeira inicie voos regulares no Brasil e permite que a companhia fa\u00e7a o registro das rotas e inicie a venda das passagens a\u00e9reas.<\/p>\n<p>De acordo com a Anac, a Flybondi ser\u00e1 a terceira empresa a\u00e9rea<em>\u00a0low cost<\/em>\u00a0a voar no pa\u00eds, ap\u00f3s o in\u00edcio das opera\u00e7\u00f5es da chilena Sky Airline e da europeia Norwegian.<\/p>\n<p>Fonte: Ag\u00eancia Brasil<\/p>\n","protected":false},"excerpt":{"rendered":"<p>A Flybondi, companhia a\u00e9rea da Argentina, que adota o modelo\u00a0low cost\u00a0(baixo custo), come\u00e7a a operar no Brasil a partir de outubro deste ano. Segundo a Ag\u00eancia Nacional de Avia\u00e7\u00e3o Civil (Anac), a empresa iniciar\u00e1 suas atividades com tr\u00eas voos semanais entre as cidades de Buenos Aires e e do Rio de Janeiro. Flybondi ser\u00e1 a [&hellip;]<\/p>\n","protected":false},"author":96,"featured_media":143342,"comment_status":"closed","ping_status":"closed","sticky":false,"template":"","format":"standard","meta":{"footnotes":""},"categories":[436,261,439],"tags":[],"class_list":["post-143341","post","type-post","status-publish","format-standard","has-post-thumbnail","hentry","category-destaque-da-semana","category-economia","category-ultima-hora"],"_links":{"self":[{"href":"https:\/\/diarioregionaldigital.com.br\/index.php?rest_route=\/wp\/v2\/posts\/143341","targetHints":{"allow":["GET"]}}],"collection":[{"href":"https:\/\/diarioregionaldigital.com.br\/index.php?rest_route=\/wp\/v2\/posts"}],"about":[{"href":"https:\/\/diarioregionaldigital.com.br\/index.php?rest_route=\/wp\/v2\/types\/post"}],"author":[{"embeddable":true,"href":"https:\/\/diarioregionaldigital.com.br\/index.php?rest_route=\/wp\/v2\/users\/96"}],"replies":[{"embeddable":true,"href":"https:\/\/diarioregionaldigital.com.br\/index.php?rest_route=%2Fwp%2Fv2%2Fcomments&post=143341"}],"version-history":[{"count":0,"href":"https:\/\/diarioregionaldigital.com.br\/index.php?rest_route=\/wp\/v2\/posts\/143341\/revisions"}],"wp:featuredmedia":[{"embeddable":true,"href":"https:\/\/diarioregionaldigital.com.br\/index.php?rest_route=\/wp\/v2\/media\/143342"}],"wp:attachment":[{"href":"https:\/\/diarioregionaldigital.com.br\/index.php?rest_route=%2Fwp%2Fv2%2Fmedia&parent=143341"}],"wp:term":[{"taxonomy":"category","embeddable":true,"href":"https:\/\/diarioregionaldigital.com.br\/index.php?rest_route=%2Fwp%2Fv2%2Fcategories&post=143341"},{"taxonomy":"post_tag","embeddable":true,"href":"https:\/\/diarioregionaldigital.com.br\/index.php?rest_route=%2Fwp%2Fv2%2Ftags&post=143341"}],"curies":[{"name":"wp","href":"https:\/\/api.w.org\/{rel}","templated":true}]}}