{"id":143338,"date":"2019-07-06T07:53:04","date_gmt":"2019-07-06T10:53:04","guid":{"rendered":"https:\/\/diarioregionaldigital.com.br\/?p=143338"},"modified":"2019-07-06T11:53:55","modified_gmt":"2019-07-06T14:53:55","slug":"cae-discute-politica-de-precos-do-gas-de-cozinha","status":"publish","type":"post","link":"https:\/\/diarioregionaldigital.com.br\/?p=143338","title":{"rendered":"CAE discute pol\u00edtica de pre\u00e7os do g\u00e1s de cozinha"},"content":{"rendered":"<p>A pol\u00edtica de pre\u00e7os do g\u00e1s de cozinha ser\u00e1 tema de audi\u00eancia p\u00fablica na Comiss\u00e3o de Assuntos Econ\u00f4micos (CAE). Um dos objetivos \u00e9 discutir se o pre\u00e7o final ao consumidor pode ser reduzido, j\u00e1 que o produto acumula fortes altas nos \u00faltimos anos. A audi\u00eancia est\u00e1 marcada para quarta-feira (10), \u00e0s 10h.<\/p>\n<p>De acordo com o senador Ciro Nogueira (PP-PI), autor do requerimento para a audi\u00eancia, a pol\u00edtica mensal de pre\u00e7os sobre o g\u00e1s liquefeito de petr\u00f3leo (GLP) para uso residencial, como \u00e9 conhecido o g\u00e1s de cozinha, passou por v\u00e1rias mudan\u00e7as nos \u00faltimos anos.<\/p>\n<p>Depois de um per\u00edodo de 13 anos de congelamento no pre\u00e7o de revenda da Petrobras, houve fortes reajustes em 2015 e, em 2017, foi adotada uma nova pol\u00edtica de pre\u00e7os com reajustes mensais, o que levou a uma alta acumulada de 67,08% naquele ano. Atualmente, a pol\u00edtica adotada \u00e9 a de reajustes trimestrais.<\/p>\n<p>\u201c\u00c9 importante que seja verificado se esta pol\u00edtica de pre\u00e7os \u00e9 a mais correta e ben\u00e9fica para o cidad\u00e3o, assim como se o pre\u00e7o final pode ser reduzido\u201d, afirma o senador. Ele cita\u00a0<a href=\"http:\/\/www.mme.gov.br\/documents\/10584\/1139147\/Resolucao04.pdf\/d5729b28-d19c-4e69-8e03-0af65e599eb1\">resolu\u00e7\u00e3o<\/a>\u00a0do Conselho Nacional de Pol\u00edtica Energ\u00e9tica que reconhece a pr\u00e1tica de pre\u00e7os diferenciados para o g\u00e1s de cozinha como sendo de interesse para a pol\u00edtica energ\u00e9tica nacional.<\/p>\n<p>Foram convidados para a audi\u00eancia representantes dos minist\u00e9rios da Economia e de Minas e Energia; da Petrobras; da Associa\u00e7\u00e3o Brasileira de Entidades de Classe das Revendas de GLP e da Associa\u00e7\u00e3o Brasileira dos Revendedores de GLP.<\/p>\n<p>Fonte: Ag\u00eancia Senado<\/p>\n","protected":false},"excerpt":{"rendered":"<p>A pol\u00edtica de pre\u00e7os do g\u00e1s de cozinha ser\u00e1 tema de audi\u00eancia p\u00fablica na Comiss\u00e3o de Assuntos Econ\u00f4micos (CAE). Um dos objetivos \u00e9 discutir se o pre\u00e7o final ao consumidor pode ser reduzido, j\u00e1 que o produto acumula fortes altas nos \u00faltimos anos. A audi\u00eancia est\u00e1 marcada para quarta-feira (10), \u00e0s 10h. De acordo com [&hellip;]<\/p>\n","protected":false},"author":96,"featured_media":143339,"comment_status":"closed","ping_status":"closed","sticky":false,"template":"","format":"standard","meta":{"footnotes":""},"categories":[436,254,439],"tags":[],"class_list":["post-143338","post","type-post","status-publish","format-standard","has-post-thumbnail","hentry","category-destaque-da-semana","category-politica","category-ultima-hora"],"_links":{"self":[{"href":"https:\/\/diarioregionaldigital.com.br\/index.php?rest_route=\/wp\/v2\/posts\/143338","targetHints":{"allow":["GET"]}}],"collection":[{"href":"https:\/\/diarioregionaldigital.com.br\/index.php?rest_route=\/wp\/v2\/posts"}],"about":[{"href":"https:\/\/diarioregionaldigital.com.br\/index.php?rest_route=\/wp\/v2\/types\/post"}],"author":[{"embeddable":true,"href":"https:\/\/diarioregionaldigital.com.br\/index.php?rest_route=\/wp\/v2\/users\/96"}],"replies":[{"embeddable":true,"href":"https:\/\/diarioregionaldigital.com.br\/index.php?rest_route=%2Fwp%2Fv2%2Fcomments&post=143338"}],"version-history":[{"count":0,"href":"https:\/\/diarioregionaldigital.com.br\/index.php?rest_route=\/wp\/v2\/posts\/143338\/revisions"}],"wp:featuredmedia":[{"embeddable":true,"href":"https:\/\/diarioregionaldigital.com.br\/index.php?rest_route=\/wp\/v2\/media\/143339"}],"wp:attachment":[{"href":"https:\/\/diarioregionaldigital.com.br\/index.php?rest_route=%2Fwp%2Fv2%2Fmedia&parent=143338"}],"wp:term":[{"taxonomy":"category","embeddable":true,"href":"https:\/\/diarioregionaldigital.com.br\/index.php?rest_route=%2Fwp%2Fv2%2Fcategories&post=143338"},{"taxonomy":"post_tag","embeddable":true,"href":"https:\/\/diarioregionaldigital.com.br\/index.php?rest_route=%2Fwp%2Fv2%2Ftags&post=143338"}],"curies":[{"name":"wp","href":"https:\/\/api.w.org\/{rel}","templated":true}]}}