{"id":143324,"date":"2019-07-06T07:37:17","date_gmt":"2019-07-06T10:37:17","guid":{"rendered":"https:\/\/diarioregionaldigital.com.br\/?p=143324"},"modified":"2019-07-06T11:53:23","modified_gmt":"2019-07-06T14:53:23","slug":"chapecoense-e-condenada-a-indenizar-pais-de-vitima-de-acidente-aereo","status":"publish","type":"post","link":"https:\/\/diarioregionaldigital.com.br\/?p=143324","title":{"rendered":"Chapecoense \u00e9 condenada a indenizar pais de v\u00edtima de acidente a\u00e9reo"},"content":{"rendered":"<p>Por unanimidade, o Tribunal Regional do Trabalho (TRT) da 1\u00aa Regi\u00e3o, sediado no Rio de Janeiro, decidiu\u00a0manter decis\u00e3o da primeira inst\u00e2ncia que condenou a Chapecoense a indenizar os pais do jogador Tiago da Rocha Vieira, conhecido como Tiaguinho, uma das v\u00edtimas do acidente a\u00e9reo na Col\u00f4mbia, em 2016.<\/p>\n<p>Na decis\u00e3o em que determinou o pagamento de indeniza\u00e7\u00e3o, a ju\u00edza Let\u00edcia Costa Abdalla, da 1\u00aa Vara do Trabalho de Nova Friburgo, obrigou o time catarinense a pagar R$ 80 mil em danos morais ao pai do atleta e R$ 50 mil, al\u00e9m de uma pens\u00e3o mensal, para a m\u00e3e do jogador.<\/p>\n<p>Conforme a decis\u00e3o, a Chapecoense foi considerada respons\u00e1vel pelo pagamento de danos morais por acidente de trabalho.\u00a0No processo, os advogados do time alegaram que o clube n\u00e3o teve culpa pelo acidente\u00a0a\u00e9reo e n\u00e3o praticava atividade de risco.<\/p>\n<p>O acidente a\u00e9reo ocorreu em 29 de novembro de 2016, quando a aeronave da empresa a\u00e9rea Lamia caiu em\u00a0Medellin, na Col\u00f4mbia. O avi\u00e3o\u00a0levava 77 pessoas a bordo, entre atletas, equipe t\u00e9cnica, diretoria da Chapecoense, jornalistas e convidados, que iriam para a final da Copa Sul-Americana contra o Atl\u00e9tico Nacional. Apenas seis pessoas sobreviveram.<\/p>\n<p>Fonte: Ag\u00eancia Brasil<\/p>\n","protected":false},"excerpt":{"rendered":"<p>Por unanimidade, o Tribunal Regional do Trabalho (TRT) da 1\u00aa Regi\u00e3o, sediado no Rio de Janeiro, decidiu\u00a0manter decis\u00e3o da primeira inst\u00e2ncia que condenou a Chapecoense a indenizar os pais do jogador Tiago da Rocha Vieira, conhecido como Tiaguinho, uma das v\u00edtimas do acidente a\u00e9reo na Col\u00f4mbia, em 2016. Na decis\u00e3o em que determinou o pagamento [&hellip;]<\/p>\n","protected":false},"author":96,"featured_media":143332,"comment_status":"closed","ping_status":"closed","sticky":false,"template":"","format":"standard","meta":{"footnotes":""},"categories":[436,257,439],"tags":[],"class_list":["post-143324","post","type-post","status-publish","format-standard","has-post-thumbnail","hentry","category-destaque-da-semana","category-esporte","category-ultima-hora"],"_links":{"self":[{"href":"https:\/\/diarioregionaldigital.com.br\/index.php?rest_route=\/wp\/v2\/posts\/143324","targetHints":{"allow":["GET"]}}],"collection":[{"href":"https:\/\/diarioregionaldigital.com.br\/index.php?rest_route=\/wp\/v2\/posts"}],"about":[{"href":"https:\/\/diarioregionaldigital.com.br\/index.php?rest_route=\/wp\/v2\/types\/post"}],"author":[{"embeddable":true,"href":"https:\/\/diarioregionaldigital.com.br\/index.php?rest_route=\/wp\/v2\/users\/96"}],"replies":[{"embeddable":true,"href":"https:\/\/diarioregionaldigital.com.br\/index.php?rest_route=%2Fwp%2Fv2%2Fcomments&post=143324"}],"version-history":[{"count":0,"href":"https:\/\/diarioregionaldigital.com.br\/index.php?rest_route=\/wp\/v2\/posts\/143324\/revisions"}],"wp:featuredmedia":[{"embeddable":true,"href":"https:\/\/diarioregionaldigital.com.br\/index.php?rest_route=\/wp\/v2\/media\/143332"}],"wp:attachment":[{"href":"https:\/\/diarioregionaldigital.com.br\/index.php?rest_route=%2Fwp%2Fv2%2Fmedia&parent=143324"}],"wp:term":[{"taxonomy":"category","embeddable":true,"href":"https:\/\/diarioregionaldigital.com.br\/index.php?rest_route=%2Fwp%2Fv2%2Fcategories&post=143324"},{"taxonomy":"post_tag","embeddable":true,"href":"https:\/\/diarioregionaldigital.com.br\/index.php?rest_route=%2Fwp%2Fv2%2Ftags&post=143324"}],"curies":[{"name":"wp","href":"https:\/\/api.w.org\/{rel}","templated":true}]}}