{"id":143323,"date":"2019-07-06T07:08:32","date_gmt":"2019-07-06T10:08:32","guid":{"rendered":"https:\/\/diarioregionaldigital.com.br\/?p=143323"},"modified":"2019-07-06T11:55:37","modified_gmt":"2019-07-06T14:55:37","slug":"ce-analisa-projeto-que-torna-mais-rigido-o-controle-de-violencia-nos-estadios","status":"publish","type":"post","link":"https:\/\/diarioregionaldigital.com.br\/?p=143323","title":{"rendered":"CE analisa projeto que torna mais r\u00edgido o controle de viol\u00eancia nos est\u00e1dios"},"content":{"rendered":"<p>A Comiss\u00e3o de Educa\u00e7\u00e3o, Cultura e Esporte (CE) analisa, em reuni\u00e3o na ter\u00e7a-feira (9), a partir das 11h, o projeto de lei que pretende aumentar o controle de viol\u00eancia nos est\u00e1dios e seus arredores (<a class=\"external-link\" href=\"http:\/\/www25.senado.leg.br\/web\/atividade\/materias\/-\/materia\/135857\">PL 1.640\/2019<\/a>).<\/p>\n<p>Pelo texto, todos os torcedores condenados por promover tumulto, praticar ou incitar a viol\u00eancia, ou invadir local restrito aos competidores em eventos esportivos ou nas vizinhan\u00e7as \u2014 que hoje, segundo o Estatuto do Torcedor (<a class=\"external-link\" href=\"http:\/\/www.planalto.gov.br\/ccivil_03\/leis\/2003\/l10.671.htm\">Lei 10.671, de 2003<\/a>), recebem pena de reclus\u00e3o de um a dois anos, mais multa \u2014tamb\u00e9m dever\u00e3o ser impedidos de frequentar jogos e \u00e1reas pr\u00f3ximas aos eventos esportivos. A legisla\u00e7\u00e3o atualmente em vigor determina a aplica\u00e7\u00e3o da pena de impedimento de forma alternativa aos torcedores que condenados pela primeira vez ou que cometem atos de viol\u00eancia menos graves.<\/p>\n<p>Al\u00e9m de tamb\u00e9m impor o afastamento obrigat\u00f3rio aos torcedores condenados \u00e0 reclus\u00e3o, o projeto aumenta os prazos da pena de impedimento. O Estatuto estabelece o afastamento dos est\u00e1dios e vizinhan\u00e7as dos locais dos jogos de tr\u00eas meses a tr\u00eas anos, e o projeto o eleva para um a dez anos.<\/p>\n<p>Para determinar o prazo de dura\u00e7\u00e3o e o per\u00edmetro do afastamento, o juiz dever\u00e1 seguir as indica\u00e7\u00f5es do artigo 59 do C\u00f3digo Penal (<a class=\"external-link\" href=\"http:\/\/www.planalto.gov.br\/ccivil_03\/decreto-lei\/del2848compilado.htm\">Decreto-lei 2.848, de 1940<\/a>), ou seja, considerando a culpabilidade, os antecedentes, a conduta social, a personalidade do agente, os motivos, as circunst\u00e2ncias e as consequ\u00eancias do crime, al\u00e9m do comportamento da v\u00edtima, diz ainda o projeto.<\/p>\n<p>Segundo o autor do projeto, senador Veneziano Vital do R\u00eago (PSB-PB), a proposi\u00e7\u00e3o aprimora as regras, tornando mais r\u00edgida a resposta estatal \u00e0 viol\u00eancia.<\/p>\n<p>O relator, senador Alessandro Vieira (Cidadania-SE), lembra que, mesmo com os avan\u00e7os legislativos e com a atua\u00e7\u00e3o dos clubes esportivos para controle e monitoramento dos torcedores, a viol\u00eancia ainda persiste e \u00e9 preciso uma posi\u00e7\u00e3o mais incisiva.<\/p>\n<p>\u201cO enrijecimento das penas \u00e9, nessa linha, um caminho claro e efetivo para coibir os referidos comportamentos criminosos\u201d, explicou.<\/p>\n<p>Depois de aprovado na CE, o texto segue para a Comiss\u00e3o de Constitui\u00e7\u00e3o, Justi\u00e7a e Cidadania (CCJ).<\/p>\n<h3><strong>Pr\u00eamios<\/strong><\/h3>\n<p>Outro projeto a ser analisado pelos senadores na CE \u00e9 o<a class=\"external-link\" href=\"http:\/\/www25.senado.leg.br\/web\/atividade\/materias\/-\/materia\/130609\">\u00a0PLS 302\/2017<\/a>, que isenta do Imposto de Renda da Pessoa F\u00edsica os pr\u00eamios de cunho art\u00edstico e cultural. O senador Lasier Martins (Podemos-RS), autor do projeto, considera injusto classificar como \u201cproventos de qualquer natureza\u201d para fins tribut\u00e1rios os valores recebidos como pr\u00eamio art\u00edstico e cultural. Em sua avalia\u00e7\u00e3o, as premia\u00e7\u00f5es constituem importante reconhecimento p\u00fablico da produ\u00e7\u00e3o cultural que merece incentivo dos \u00f3rg\u00e3os governamentais.<\/p>\n<p>A relatora, senadora Maria do Carmo Alves (DEM-SE), \u00e9 favor\u00e1vel \u00e0 mat\u00e9ria e defende o incentivo ao trabalho dos artistas como forma de preserva\u00e7\u00e3o do patrim\u00f4nio cultural do pa\u00eds.<\/p>\n<p>A reuni\u00e3o da CE ocorre na sala 15 da ala senador Alexandre Costa.<\/p>\n<p>Fonte: Ag\u00eancia Senado<\/p>\n","protected":false},"excerpt":{"rendered":"<p>A Comiss\u00e3o de Educa\u00e7\u00e3o, Cultura e Esporte (CE) analisa, em reuni\u00e3o na ter\u00e7a-feira (9), a partir das 11h, o projeto de lei que pretende aumentar o controle de viol\u00eancia nos est\u00e1dios e seus arredores (PL 1.640\/2019). Pelo texto, todos os torcedores condenados por promover tumulto, praticar ou incitar a viol\u00eancia, ou invadir local restrito aos [&hellip;]<\/p>\n","protected":false},"author":96,"featured_media":137578,"comment_status":"closed","ping_status":"closed","sticky":false,"template":"","format":"standard","meta":{"footnotes":""},"categories":[436,254,439],"tags":[],"class_list":["post-143323","post","type-post","status-publish","format-standard","has-post-thumbnail","hentry","category-destaque-da-semana","category-politica","category-ultima-hora"],"_links":{"self":[{"href":"https:\/\/diarioregionaldigital.com.br\/index.php?rest_route=\/wp\/v2\/posts\/143323","targetHints":{"allow":["GET"]}}],"collection":[{"href":"https:\/\/diarioregionaldigital.com.br\/index.php?rest_route=\/wp\/v2\/posts"}],"about":[{"href":"https:\/\/diarioregionaldigital.com.br\/index.php?rest_route=\/wp\/v2\/types\/post"}],"author":[{"embeddable":true,"href":"https:\/\/diarioregionaldigital.com.br\/index.php?rest_route=\/wp\/v2\/users\/96"}],"replies":[{"embeddable":true,"href":"https:\/\/diarioregionaldigital.com.br\/index.php?rest_route=%2Fwp%2Fv2%2Fcomments&post=143323"}],"version-history":[{"count":0,"href":"https:\/\/diarioregionaldigital.com.br\/index.php?rest_route=\/wp\/v2\/posts\/143323\/revisions"}],"wp:featuredmedia":[{"embeddable":true,"href":"https:\/\/diarioregionaldigital.com.br\/index.php?rest_route=\/wp\/v2\/media\/137578"}],"wp:attachment":[{"href":"https:\/\/diarioregionaldigital.com.br\/index.php?rest_route=%2Fwp%2Fv2%2Fmedia&parent=143323"}],"wp:term":[{"taxonomy":"category","embeddable":true,"href":"https:\/\/diarioregionaldigital.com.br\/index.php?rest_route=%2Fwp%2Fv2%2Fcategories&post=143323"},{"taxonomy":"post_tag","embeddable":true,"href":"https:\/\/diarioregionaldigital.com.br\/index.php?rest_route=%2Fwp%2Fv2%2Ftags&post=143323"}],"curies":[{"name":"wp","href":"https:\/\/api.w.org\/{rel}","templated":true}]}}