{"id":143321,"date":"2019-07-06T07:04:15","date_gmt":"2019-07-06T10:04:15","guid":{"rendered":"https:\/\/diarioregionaldigital.com.br\/?p=143321"},"modified":"2019-07-06T11:55:25","modified_gmt":"2019-07-06T14:55:25","slug":"governo-disciplina-uso-de-recursos-de-acessibilidade-em-atos-oficiais","status":"publish","type":"post","link":"https:\/\/diarioregionaldigital.com.br\/?p=143321","title":{"rendered":"Governo disciplina uso de recursos de acessibilidade em atos oficiais"},"content":{"rendered":"<p>O governo normatizou a utiliza\u00e7\u00e3o de recursos de acessibilidade para pessoas com defici\u00eancia auditiva e visual na publicidade e nos pronunciamentos oficiais do Executivo federal. A instru\u00e7\u00e3o normativa da Secretaria de Governo foi publicada\u00a0<span id=\"OBJ_PREFIX_DWT135_com_zimbra_date\" role=\"link\"><span id=\"OBJ_PREFIX_DWT137_com_zimbra_date\" role=\"link\">na sexta-feira\u00a0<\/span><\/span>(5) no\u00a0<a href=\"http:\/\/pesquisa.in.gov.br\/imprensa\/jsp\/visualiza\/index.jsp?data=05\/07\/2019&amp;jornal=515&amp;pagina=1\" target=\"_blank\" rel=\"noopener\"><em>Di\u00e1rio Oficial da Uni\u00e3o<\/em><\/a>\u00a0e tem o objetivo de assegurar o direito \u00e0 informa\u00e7\u00e3o das pessoas com defici\u00eancia, fundamentada na Lei Brasileira de Inclus\u00e3o (ou Estatuto da Pessoa com Defici\u00eancia), que entrou emvigor em 2016.<\/p>\n<p>De acordo com a norma, os \u00f3rg\u00e3os dever\u00e3o fazer o planejamento cont\u00ednuo para o uso dos v\u00e1rios meios de comunica\u00e7\u00e3o e de recursos de acessibilidade abrangentes, alinhado com as inova\u00e7\u00f5es tecnol\u00f3gicas disponibilizadas pelo mercado, bem como com as melhores pr\u00e1ticas e diretrizes de acessibilidade adotadas internacionalmente.<\/p>\n<p>As campanhas publicit\u00e1rias devem contemplar as emissoras de r\u00e1dio \u2013 dando acesso \u00e0s pessoas com defici\u00eancia visual \u2013 e a internet, permitindo maior possibilidade de uso de dispositivos de tecnologia assistiva. Entre os recursos audiovisuais a serem utilizados, a norma prev\u00ea legenda, legenda oculta, janela com int\u00e9rprete de Libras, audiodescri\u00e7\u00e3o e outros recursos, como Braille, caracteres ampliados e formatos aumentativos e alternativos de comunica\u00e7\u00e3o.<\/p>\n<p>Na transmiss\u00e3o de pronunciamentos e discursos oficiais, a emissora oficial dever\u00e1 disponibilizar a janela com int\u00e9rprete de Libras no momento da veicula\u00e7\u00e3o. No caso da transmiss\u00e3o por emissoras concession\u00e1rias e retransmissoras, os pronunciamentos e discursos dever\u00e3o, obrigatoriamente, contemplar o recurso da janela quando gravados previamente.<\/p>\n<p>Os pronunciamentos e discursos dever\u00e3o ser disponibilizados na internet, com recursos de acessibilidade, a em at\u00e9 cinco dias \u00fateis.<\/p>\n<p>Fonte: Ag\u00eancia Brasil<\/p>\n","protected":false},"excerpt":{"rendered":"<p>O governo normatizou a utiliza\u00e7\u00e3o de recursos de acessibilidade para pessoas com defici\u00eancia auditiva e visual na publicidade e nos pronunciamentos oficiais do Executivo federal. A instru\u00e7\u00e3o normativa da Secretaria de Governo foi publicada\u00a0na sexta-feira\u00a0(5) no\u00a0Di\u00e1rio Oficial da Uni\u00e3o\u00a0e tem o objetivo de assegurar o direito \u00e0 informa\u00e7\u00e3o das pessoas com defici\u00eancia, fundamentada na Lei [&hellip;]<\/p>\n","protected":false},"author":96,"featured_media":143346,"comment_status":"closed","ping_status":"closed","sticky":false,"template":"","format":"standard","meta":{"footnotes":""},"categories":[302,436,439],"tags":[],"class_list":["post-143321","post","type-post","status-publish","format-standard","has-post-thumbnail","hentry","category-brasil-mundo","category-destaque-da-semana","category-ultima-hora"],"_links":{"self":[{"href":"https:\/\/diarioregionaldigital.com.br\/index.php?rest_route=\/wp\/v2\/posts\/143321","targetHints":{"allow":["GET"]}}],"collection":[{"href":"https:\/\/diarioregionaldigital.com.br\/index.php?rest_route=\/wp\/v2\/posts"}],"about":[{"href":"https:\/\/diarioregionaldigital.com.br\/index.php?rest_route=\/wp\/v2\/types\/post"}],"author":[{"embeddable":true,"href":"https:\/\/diarioregionaldigital.com.br\/index.php?rest_route=\/wp\/v2\/users\/96"}],"replies":[{"embeddable":true,"href":"https:\/\/diarioregionaldigital.com.br\/index.php?rest_route=%2Fwp%2Fv2%2Fcomments&post=143321"}],"version-history":[{"count":0,"href":"https:\/\/diarioregionaldigital.com.br\/index.php?rest_route=\/wp\/v2\/posts\/143321\/revisions"}],"wp:featuredmedia":[{"embeddable":true,"href":"https:\/\/diarioregionaldigital.com.br\/index.php?rest_route=\/wp\/v2\/media\/143346"}],"wp:attachment":[{"href":"https:\/\/diarioregionaldigital.com.br\/index.php?rest_route=%2Fwp%2Fv2%2Fmedia&parent=143321"}],"wp:term":[{"taxonomy":"category","embeddable":true,"href":"https:\/\/diarioregionaldigital.com.br\/index.php?rest_route=%2Fwp%2Fv2%2Fcategories&post=143321"},{"taxonomy":"post_tag","embeddable":true,"href":"https:\/\/diarioregionaldigital.com.br\/index.php?rest_route=%2Fwp%2Fv2%2Ftags&post=143321"}],"curies":[{"name":"wp","href":"https:\/\/api.w.org\/{rel}","templated":true}]}}