{"id":143320,"date":"2019-07-06T07:41:02","date_gmt":"2019-07-06T10:41:02","guid":{"rendered":"https:\/\/diarioregionaldigital.com.br\/?p=143320"},"modified":"2019-07-06T11:55:14","modified_gmt":"2019-07-06T14:55:14","slug":"rodrigo-maia-discorda-de-tratamento-especial-a-policiais-na-reforma","status":"publish","type":"post","link":"https:\/\/diarioregionaldigital.com.br\/?p=143320","title":{"rendered":"Rodrigo Maia discorda de tratamento especial a policiais na Reforma"},"content":{"rendered":"<p>O presidente da C\u00e2mara dos Deputados Rodrigo Maia disse nesta sexta-feira (5), em evento na capital paulista, que todas as categorias precisam contribuir com esfor\u00e7os para viabilizar a Reforma da Previd\u00eancia. A resposta veio ap\u00f3s\u00a0ser questionado sobre apelo do presidente Jair Bolsonaro para que as reivindica\u00e7\u00f5es dos policiais no texto da reforma fossem atendidas pelo menos em parte.<\/p>\n<p>\u201cSe uma parte pequena dos brasileiros, n\u00e3o \u00e9 pelo valor da economia que vai ser perdida se os policiais federais ficarem fora, mas \u00e9 o simbolismo de voc\u00ea tirar um grupo do esfor\u00e7o que milh\u00f5es de brasileiros est\u00e3o fazendo\u201d, disse Maia. \u201cSe a gente tira uma parte, por mais que n\u00e3o seja grande, d\u00e1 sinaliza\u00e7\u00e3o para os outros que n\u00e3o \u00e9 de fato o discurso que se fez desde o in\u00edcio por parte do governo, que era uma reforma igual para todos\u201d, acrescentou.<\/p>\n<p>Maia disse que o parlamento est\u00e1 aberto para dialogar e construir solu\u00e7\u00f5es, citando tentativa de oferecer \u00e0 pol\u00edcia uma regra de transi\u00e7\u00e3o parecida como o regime pr\u00f3prio, que \u00e9 o regime atual dos\u00a0servidores p\u00fablicos. \u201cPorque isso [regime diferenciados para as categorias] pode gerar uma sinaliza\u00e7\u00e3o ruim para a sociedade, mas, pior, pode gerar um efeito domin\u00f3, onde cai a primeira pe\u00e7a e v\u00e3o caindo todas ao longo das vota\u00e7\u00f5es dos destaques na\u00a0ter\u00e7a ou\u00a0quarta-feira.\u201d<\/p>\n<p>\u201cAcho que o que o presidente est\u00e1 querendo dizer \u00e9 que ele quer construir uma solu\u00e7\u00e3o para as pol\u00edcias. N\u00e3o sei se \u00e9 f\u00e1cil, n\u00e3o sei se \u00e9 simples, lavar as m\u00e3os e tirar as pol\u00edcias eu acho que n\u00e3o \u00e9 uma posi\u00e7\u00e3o que n\u00f3s devemos defender. Vamos ver dentro do texto, dependendo do que o presidente proponha, do que o l\u00edder do governo proponha, o PSL proponha, ver se a gente consegue construir algo\u201d, ponderou.<\/p>\n<p>Maia explicou que um dos pedidos dos policiais \u00e9 garantir o modelo de paridade e integralidade dos sal\u00e1rios at\u00e9 o ano de 2019. \u201cO relat\u00f3rio do deputado Samuel Moreira est\u00e1 remetendo ao projeto de lei complementar 51, que trata da regulamenta\u00e7\u00e3o dos policiais e que tem uma a\u00e7\u00e3o da Justi\u00e7a que garante essa integralidade, essa paridade, at\u00e9 2013. Estend\u00ea-la at\u00e9 o final agora [at\u00e9 2019] d\u00e1 um benef\u00edcio que nenhuma outra categoria tem\u201d.<\/p>\n<p>De acordo com ele, os servidores do regime pr\u00f3prio\u00a0j\u00e1 perderam integralidade e paridade desde 2004. \u201cS\u00f3 tem integralidade e paridade aqueles que ingressaram no servi\u00e7o p\u00fablico at\u00e9 o ano de 2003, ent\u00e3o estender por um acordo \u2013 essa era a proposta \u2013 at\u00e9 2019 me parece uma distor\u00e7\u00e3o em rela\u00e7\u00e3o \u00e0quilo que os outros servidores t\u00eam de direito nas suas aposentadorias\u201d.<\/p>\n<p>Maia ressaltou que a inclus\u00e3o dos estados na reforma inviabiliza sua aprova\u00e7\u00e3o. \u201cN\u00f3s temos de 50 a 60 deputados que\u00a0hoje\u00a0n\u00e3o votam a reforma com a inclus\u00e3o de estados e munic\u00edpios\u201d, acrescentando que a inclus\u00e3o neste momento \u00e9 um risco de perder a vota\u00e7\u00e3o no plen\u00e1rio da casa. Maia acredita que j\u00e1 tem acima de 308 deputados para aprova\u00e7\u00e3o no plen\u00e1rio.<\/p>\n<p>Em defesa da aprova\u00e7\u00e3o da reforma, ele disse que esta \u00e9 a \u201cgarantia de um sistema que vai pagar o sal\u00e1rio dos servidores em dia, as aposentarias e as pens\u00f5es em dia e vai garantir um equil\u00edbrio atuarial do sistema, dando conforto para que os investidores brasileiros e estrangeiros voltem a fazer investimentos de longo prazo no Brasil\u201d. Segundo ele, \u201cqualquer mexida [no que foi aprovado\u00a0ontem] pode gerar uma posi\u00e7\u00e3o diferente por parte daqueles que est\u00e3o apenas aguardando a reforma da Previd\u00eancia para voltar a fazer investimentos de longo prazo\u201d.<\/p>\n<p>Fonte: Ag\u00eancia Brasil<\/p>\n","protected":false},"excerpt":{"rendered":"<p>O presidente da C\u00e2mara dos Deputados Rodrigo Maia disse nesta sexta-feira (5), em evento na capital paulista, que todas as categorias precisam contribuir com esfor\u00e7os para viabilizar a Reforma da Previd\u00eancia. A resposta veio ap\u00f3s\u00a0ser questionado sobre apelo do presidente Jair Bolsonaro para que as reivindica\u00e7\u00f5es dos policiais no texto da reforma fossem atendidas pelo [&hellip;]<\/p>\n","protected":false},"author":96,"featured_media":143334,"comment_status":"closed","ping_status":"closed","sticky":false,"template":"","format":"standard","meta":{"footnotes":""},"categories":[436,254,439],"tags":[],"class_list":["post-143320","post","type-post","status-publish","format-standard","has-post-thumbnail","hentry","category-destaque-da-semana","category-politica","category-ultima-hora"],"_links":{"self":[{"href":"https:\/\/diarioregionaldigital.com.br\/index.php?rest_route=\/wp\/v2\/posts\/143320","targetHints":{"allow":["GET"]}}],"collection":[{"href":"https:\/\/diarioregionaldigital.com.br\/index.php?rest_route=\/wp\/v2\/posts"}],"about":[{"href":"https:\/\/diarioregionaldigital.com.br\/index.php?rest_route=\/wp\/v2\/types\/post"}],"author":[{"embeddable":true,"href":"https:\/\/diarioregionaldigital.com.br\/index.php?rest_route=\/wp\/v2\/users\/96"}],"replies":[{"embeddable":true,"href":"https:\/\/diarioregionaldigital.com.br\/index.php?rest_route=%2Fwp%2Fv2%2Fcomments&post=143320"}],"version-history":[{"count":0,"href":"https:\/\/diarioregionaldigital.com.br\/index.php?rest_route=\/wp\/v2\/posts\/143320\/revisions"}],"wp:featuredmedia":[{"embeddable":true,"href":"https:\/\/diarioregionaldigital.com.br\/index.php?rest_route=\/wp\/v2\/media\/143334"}],"wp:attachment":[{"href":"https:\/\/diarioregionaldigital.com.br\/index.php?rest_route=%2Fwp%2Fv2%2Fmedia&parent=143320"}],"wp:term":[{"taxonomy":"category","embeddable":true,"href":"https:\/\/diarioregionaldigital.com.br\/index.php?rest_route=%2Fwp%2Fv2%2Fcategories&post=143320"},{"taxonomy":"post_tag","embeddable":true,"href":"https:\/\/diarioregionaldigital.com.br\/index.php?rest_route=%2Fwp%2Fv2%2Ftags&post=143320"}],"curies":[{"name":"wp","href":"https:\/\/api.w.org\/{rel}","templated":true}]}}