{"id":143310,"date":"2019-07-07T06:00:59","date_gmt":"2019-07-07T09:00:59","guid":{"rendered":"https:\/\/diarioregionaldigital.com.br\/?p=143310"},"modified":"2019-07-05T19:30:37","modified_gmt":"2019-07-05T22:30:37","slug":"credeste-cooperativa-convocacao-07-07-19","status":"publish","type":"post","link":"https:\/\/diarioregionaldigital.com.br\/?p=143310","title":{"rendered":"Credeste Cooperativa &#8211; Convoca\u00e7\u00e3o -07\/07\/19"},"content":{"rendered":"<p style=\"text-align: center;\"><strong>COOPERATIVA DE ECONOMIA E CR\u00c9DITO M\u00daTUO DOS EMPREGADOS DA IND\u00daSTRIA DE PAP\u00c9IS SUDESTE &#8211; LTDA \u2013 CNPJ N\u00ba 18.340.695\/0001-16, AV. ANT\u00d4NIO SIM\u00c3O FIRJAN, N\u00ba 1.265, DISTRITO INDUSTRIAL, JUIZ DE FORA \u2013 MG, CEP. 36.092-000<\/strong><\/p>\n<p style=\"text-align: center;\"><strong>Edital de Convoca\u00e7\u00e3o da <\/strong><\/p>\n<p style=\"text-align: center;\"><strong>Assembleia Geral Extraordin\u00e1ria<\/strong><\/p>\n<p style=\"text-align: left;\">O Diretor Presidente da Cooperativa de Economia e Cr\u00e9dito M\u00fatuo dos Empregados da Ind\u00fastria de Pap\u00e9is Sudeste Ltda \u2013 CREDESTE, Sr. Pedro Andr\u00e9 Nascimento Chagas, no uso das atribui\u00e7\u00f5es que lhe confere o Estatuto Social, convoca os associados, que nesta data s\u00e3o em n\u00famero de 370 (trezentos e setenta), em condi\u00e7\u00f5es de votar, para se reunirem em Assembleia Geral Extraordin\u00e1ria, a realizar-se na sua sede social, \u00e0 Av. Ant\u00f4nio Sim\u00e3o Firjan, n\u00ba 1.265, Distrito Industrial, na Cidade de Juiz de Fora &#8211; Minas Gerais, no dia <strong>19 de julho de 2019<\/strong> , \u00e0s 12:15 horas, com a presen\u00e7a de 2\/3 (dois ter\u00e7os) dos associados, em primeira convoca\u00e7\u00e3o; \u00e0s 13:15 horas, com a presen\u00e7a de metade mais um dos associados, em segunda convoca\u00e7\u00e3o; ou \u00e0s 14:15 horas, com a presen\u00e7a de no m\u00ednimo 10 (dez) associados, em terceira convoca\u00e7\u00e3o, para deliberar sobre os seguintes assuntos, que comp\u00f5em a ordem do dia:<\/p>\n<p style=\"text-align: center;\"><strong>ASSEMBLEIA GERAL EXTRAORDIN\u00c1RIA<\/strong><\/p>\n<ol style=\"text-align: center;\">\n<li style=\"text-align: left;\">Recomposi\u00e7\u00e3o do Conselho de Administra\u00e7\u00e3o com elei\u00e7\u00e3o de 1 membro para compor a vaga de Conselheiro Administrativo Suplente.<\/li>\n<\/ol>\n<p style=\"text-align: center;\">Juiz de Fora, 06 de julho de 2019.<\/p>\n<p style=\"text-align: center;\"><strong>Pedro Andr\u00e9 Nascimento Chagas<\/strong><\/p>\n<p style=\"text-align: center;\"><strong>Diretor Presidente<\/strong><\/p>\n","protected":false},"excerpt":{"rendered":"<p>COOPERATIVA DE ECONOMIA E CR\u00c9DITO M\u00daTUO DOS EMPREGADOS DA IND\u00daSTRIA DE PAP\u00c9IS SUDESTE &#8211; LTDA \u2013 CNPJ N\u00ba 18.340.695\/0001-16, AV. ANT\u00d4NIO SIM\u00c3O FIRJAN, N\u00ba 1.265, DISTRITO INDUSTRIAL, JUIZ DE FORA \u2013 MG, CEP. 36.092-000 Edital de Convoca\u00e7\u00e3o da Assembleia Geral Extraordin\u00e1ria O Diretor Presidente da Cooperativa de Economia e Cr\u00e9dito M\u00fatuo dos Empregados da Ind\u00fastria [&hellip;]<\/p>\n","protected":false},"author":96,"featured_media":0,"comment_status":"closed","ping_status":"closed","sticky":false,"template":"","format":"standard","meta":{"footnotes":""},"categories":[307],"tags":[],"class_list":["post-143310","post","type-post","status-publish","format-standard","hentry","category-editais"],"_links":{"self":[{"href":"https:\/\/diarioregionaldigital.com.br\/index.php?rest_route=\/wp\/v2\/posts\/143310","targetHints":{"allow":["GET"]}}],"collection":[{"href":"https:\/\/diarioregionaldigital.com.br\/index.php?rest_route=\/wp\/v2\/posts"}],"about":[{"href":"https:\/\/diarioregionaldigital.com.br\/index.php?rest_route=\/wp\/v2\/types\/post"}],"author":[{"embeddable":true,"href":"https:\/\/diarioregionaldigital.com.br\/index.php?rest_route=\/wp\/v2\/users\/96"}],"replies":[{"embeddable":true,"href":"https:\/\/diarioregionaldigital.com.br\/index.php?rest_route=%2Fwp%2Fv2%2Fcomments&post=143310"}],"version-history":[{"count":0,"href":"https:\/\/diarioregionaldigital.com.br\/index.php?rest_route=\/wp\/v2\/posts\/143310\/revisions"}],"wp:attachment":[{"href":"https:\/\/diarioregionaldigital.com.br\/index.php?rest_route=%2Fwp%2Fv2%2Fmedia&parent=143310"}],"wp:term":[{"taxonomy":"category","embeddable":true,"href":"https:\/\/diarioregionaldigital.com.br\/index.php?rest_route=%2Fwp%2Fv2%2Fcategories&post=143310"},{"taxonomy":"post_tag","embeddable":true,"href":"https:\/\/diarioregionaldigital.com.br\/index.php?rest_route=%2Fwp%2Fv2%2Ftags&post=143310"}],"curies":[{"name":"wp","href":"https:\/\/api.w.org\/{rel}","templated":true}]}}