{"id":143301,"date":"2019-07-06T07:38:51","date_gmt":"2019-07-06T10:38:51","guid":{"rendered":"https:\/\/diarioregionaldigital.com.br\/?p=143301"},"modified":"2019-07-06T11:49:08","modified_gmt":"2019-07-06T14:49:08","slug":"pjf-promove-acoes-educativas-de-combate-a-dengue-na-proxima-semana","status":"publish","type":"post","link":"https:\/\/diarioregionaldigital.com.br\/?p=143301","title":{"rendered":"PJF promove a\u00e7\u00f5es educativas de combate \u00e0 dengue na pr\u00f3xima semana"},"content":{"rendered":"<p>A partir da segunda-feira, 8, at\u00e9 quinta, 11, a Secretaria de Sa\u00fade (SS) realiza atividades educativas em institui\u00e7\u00f5es de Juiz de Fora. O objetivo \u00e9 conscientizar a popula\u00e7\u00e3o sobre a import\u00e2ncia do combate ao Aedes aegypti, transmissor da dengue, zika e chikungunya. Empresas, escolas ou institui\u00e7\u00f5es interessadas em agendar uma palestra de educa\u00e7\u00e3o em sa\u00fade podem enviar o pedido via e-mail (educasaude@pjf.mg.gov.br) ou ligar para o telefone 3690-7534.<\/p>\n<p><b>Confira a programa\u00e7\u00e3o:<\/b><\/p>\n<p><b>8\/7 &#8211; \u00e0s 9h e 14h<\/b><\/p>\n<p><b>A\u00e7\u00e3o:<\/b>\u00a0Exposi\u00e7\u00e3o e palestra sobre animais pe\u00e7onhentos<\/p>\n<p><b>Local:<\/b>\u00a0Institui\u00e7\u00e3o Amigos M\u00e3os Abertas (AMA)<\/p>\n<p>R. Eunice Weaver, 164 &#8211; Carlos Chagas<\/p>\n<p><b>9\/7 &#8211; \u00e0s 14h<\/b><\/p>\n<p><b>A\u00e7\u00e3o:<\/b>\u00a0Teatro e palestra sobre dengue<\/p>\n<p><b>Local:<\/b>\u00a0Escola Estadual Coronel Ant\u00f4nio Alves Teixeiras<\/p>\n<p>R. Jos\u00e9 Ant\u00f4nio Benhame, 135 &#8211; Progresso<\/p>\n<p><b>10\/7 &#8211; \u00e0s 14h<\/b><\/p>\n<p><b>A\u00e7\u00e3o:<\/b>\u00a0Palestra sobre dengue<\/p>\n<p><b>Local:<\/b>\u00a0Cras Centro<\/p>\n<p>Rua Esp\u00edrito Santo, 456 &#8211; Centro.<\/p>\n<p><b>11\/7 &#8211; \u00e0s 7h<\/b><\/p>\n<p><b>A\u00e7\u00e3o:<\/b>\u00a0Palestra sobre dengue<\/p>\n<p><b>Local:<\/b>\u00a0Selt Engenharia Ltda<\/p>\n<p>Po\u00e7o Rico<\/p>\n<p>Fonte: PJF<\/p>\n","protected":false},"excerpt":{"rendered":"<p>A partir da segunda-feira, 8, at\u00e9 quinta, 11, a Secretaria de Sa\u00fade (SS) realiza atividades educativas em institui\u00e7\u00f5es de Juiz de Fora. O objetivo \u00e9 conscientizar a popula\u00e7\u00e3o sobre a import\u00e2ncia do combate ao Aedes aegypti, transmissor da dengue, zika e chikungunya. Empresas, escolas ou institui\u00e7\u00f5es interessadas em agendar uma palestra de educa\u00e7\u00e3o em sa\u00fade [&hellip;]<\/p>\n","protected":false},"author":96,"featured_media":142191,"comment_status":"closed","ping_status":"closed","sticky":false,"template":"","format":"standard","meta":{"footnotes":""},"categories":[253,436,439],"tags":[],"class_list":["post-143301","post","type-post","status-publish","format-standard","has-post-thumbnail","hentry","category-cidade","category-destaque-da-semana","category-ultima-hora"],"_links":{"self":[{"href":"https:\/\/diarioregionaldigital.com.br\/index.php?rest_route=\/wp\/v2\/posts\/143301","targetHints":{"allow":["GET"]}}],"collection":[{"href":"https:\/\/diarioregionaldigital.com.br\/index.php?rest_route=\/wp\/v2\/posts"}],"about":[{"href":"https:\/\/diarioregionaldigital.com.br\/index.php?rest_route=\/wp\/v2\/types\/post"}],"author":[{"embeddable":true,"href":"https:\/\/diarioregionaldigital.com.br\/index.php?rest_route=\/wp\/v2\/users\/96"}],"replies":[{"embeddable":true,"href":"https:\/\/diarioregionaldigital.com.br\/index.php?rest_route=%2Fwp%2Fv2%2Fcomments&post=143301"}],"version-history":[{"count":0,"href":"https:\/\/diarioregionaldigital.com.br\/index.php?rest_route=\/wp\/v2\/posts\/143301\/revisions"}],"wp:featuredmedia":[{"embeddable":true,"href":"https:\/\/diarioregionaldigital.com.br\/index.php?rest_route=\/wp\/v2\/media\/142191"}],"wp:attachment":[{"href":"https:\/\/diarioregionaldigital.com.br\/index.php?rest_route=%2Fwp%2Fv2%2Fmedia&parent=143301"}],"wp:term":[{"taxonomy":"category","embeddable":true,"href":"https:\/\/diarioregionaldigital.com.br\/index.php?rest_route=%2Fwp%2Fv2%2Fcategories&post=143301"},{"taxonomy":"post_tag","embeddable":true,"href":"https:\/\/diarioregionaldigital.com.br\/index.php?rest_route=%2Fwp%2Fv2%2Ftags&post=143301"}],"curies":[{"name":"wp","href":"https:\/\/api.w.org\/{rel}","templated":true}]}}