{"id":143298,"date":"2019-07-06T07:40:01","date_gmt":"2019-07-06T10:40:01","guid":{"rendered":"https:\/\/diarioregionaldigital.com.br\/?p=143298"},"modified":"2019-07-06T11:47:19","modified_gmt":"2019-07-06T14:47:19","slug":"manutencao-em-estacao-de-tratamento-pode-afetar-abastecimento-de-agua-na-segunda-feira-2","status":"publish","type":"post","link":"https:\/\/diarioregionaldigital.com.br\/?p=143298","title":{"rendered":"Manuten\u00e7\u00e3o em esta\u00e7\u00e3o de tratamento pode afetar abastecimento de \u00e1gua na segunda-feira"},"content":{"rendered":"<p>&nbsp;<\/p>\n<p>Na segunda-feira, 8, a Companhia de Saneamento Municipal (Cesama) trocar\u00e1 uma v\u00e1lvula na Esta\u00e7\u00e3o de Tratamento de \u00c1gua Walfrido Machado Mendon\u00e7a (ETA CDI). A a\u00e7\u00e3o estava originalmente programada para 1\u00ba de julho, mas foi remanejada em virtude de quest\u00f5es t\u00e9cnicas e operacionais. Para a realiza\u00e7\u00e3o dos trabalhos, ser\u00e1 preciso reduzir a produ\u00e7\u00e3o de \u00e1gua na unidade, das 7 \u00e0s 17 horas, o que pode afetar o abastecimento na cidade ao longo do dia.<\/p>\n<p>Assim que os servi\u00e7os forem conclu\u00eddos, a unidade retomar\u00e1 sua capacidade normal de produ\u00e7\u00e3o. A Cesama orienta que a popula\u00e7\u00e3o economize \u00e1gua durante os trabalhos. A previs\u00e3o \u00e9 de que o fornecimento seja regularizado ainda na noite de segunda.<\/p>\n","protected":false},"excerpt":{"rendered":"<p>&nbsp; Na segunda-feira, 8, a Companhia de Saneamento Municipal (Cesama) trocar\u00e1 uma v\u00e1lvula na Esta\u00e7\u00e3o de Tratamento de \u00c1gua Walfrido Machado Mendon\u00e7a (ETA CDI). A a\u00e7\u00e3o estava originalmente programada para 1\u00ba de julho, mas foi remanejada em virtude de quest\u00f5es t\u00e9cnicas e operacionais. Para a realiza\u00e7\u00e3o dos trabalhos, ser\u00e1 preciso reduzir a produ\u00e7\u00e3o de \u00e1gua [&hellip;]<\/p>\n","protected":false},"author":96,"featured_media":143303,"comment_status":"closed","ping_status":"closed","sticky":false,"template":"","format":"standard","meta":{"footnotes":""},"categories":[253,436,439],"tags":[],"class_list":["post-143298","post","type-post","status-publish","format-standard","has-post-thumbnail","hentry","category-cidade","category-destaque-da-semana","category-ultima-hora"],"_links":{"self":[{"href":"https:\/\/diarioregionaldigital.com.br\/index.php?rest_route=\/wp\/v2\/posts\/143298","targetHints":{"allow":["GET"]}}],"collection":[{"href":"https:\/\/diarioregionaldigital.com.br\/index.php?rest_route=\/wp\/v2\/posts"}],"about":[{"href":"https:\/\/diarioregionaldigital.com.br\/index.php?rest_route=\/wp\/v2\/types\/post"}],"author":[{"embeddable":true,"href":"https:\/\/diarioregionaldigital.com.br\/index.php?rest_route=\/wp\/v2\/users\/96"}],"replies":[{"embeddable":true,"href":"https:\/\/diarioregionaldigital.com.br\/index.php?rest_route=%2Fwp%2Fv2%2Fcomments&post=143298"}],"version-history":[{"count":0,"href":"https:\/\/diarioregionaldigital.com.br\/index.php?rest_route=\/wp\/v2\/posts\/143298\/revisions"}],"wp:featuredmedia":[{"embeddable":true,"href":"https:\/\/diarioregionaldigital.com.br\/index.php?rest_route=\/wp\/v2\/media\/143303"}],"wp:attachment":[{"href":"https:\/\/diarioregionaldigital.com.br\/index.php?rest_route=%2Fwp%2Fv2%2Fmedia&parent=143298"}],"wp:term":[{"taxonomy":"category","embeddable":true,"href":"https:\/\/diarioregionaldigital.com.br\/index.php?rest_route=%2Fwp%2Fv2%2Fcategories&post=143298"},{"taxonomy":"post_tag","embeddable":true,"href":"https:\/\/diarioregionaldigital.com.br\/index.php?rest_route=%2Fwp%2Fv2%2Ftags&post=143298"}],"curies":[{"name":"wp","href":"https:\/\/api.w.org\/{rel}","templated":true}]}}