{"id":143296,"date":"2019-07-06T07:30:54","date_gmt":"2019-07-06T10:30:54","guid":{"rendered":"https:\/\/diarioregionaldigital.com.br\/?p=143296"},"modified":"2019-07-06T11:44:50","modified_gmt":"2019-07-06T14:44:50","slug":"vereador-solicita-urgencia-para-a-inclusao-de-informacoes-sobre-pessoas-com-autismo-no-censo-demografico","status":"publish","type":"post","link":"https:\/\/diarioregionaldigital.com.br\/?p=143296","title":{"rendered":"Vereador solicita urg\u00eancia para a inclus\u00e3o de informa\u00e7\u00f5es sobre pessoas com autismo no censo demogr\u00e1fico"},"content":{"rendered":"<p>O vereador J\u00falio Obama Jr. (PHS) apresentou na reuni\u00e3o da sexta-feira, 5, duas representa\u00e7\u00f5es solicitando a inclus\u00e3o de dados sobre pessoas com autismo nos censos demogr\u00e1ficos do pa\u00eds. Uma das representa\u00e7\u00f5es foi enviada para o Presidente da Rep\u00fablica, Jair Messias Bolsonaro (PSL), e para a Presidente do Instituto Brasileiro de Geografia e Estat\u00edstica (IBGE), Susana Cordeiro Guerra.<\/p>\n<p>J\u00e1 a segunda representa\u00e7\u00e3o foi direcionada ao Presidente do Senado, Davi Alcolumbre (Democratas), e pede urg\u00eancia na vota\u00e7\u00e3o do Projeto de Lei Complementar (PLC) n\u00ba 139, de 2018, de autoria da deputada federal Carmen Zanotto (Cidadania-SC), o projeto tramita no Senado e determina que seja obrigat\u00f3rio incluir informa\u00e7\u00f5es espec\u00edficas sobre pessoas com autismo nos censos demogr\u00e1ficos.<\/p>\n<p>O parlamentar defende que o conhecimento cient\u00edfico \u00e9 essencial para aprimorar as pol\u00edticas p\u00fablicas voltadas para as pessoas com autismo. \u201cEstima-se que o Brasil, com seus 200 milh\u00f5es de habitantes, possua cerca de 2 milh\u00f5es de autistas. Contudo, apesar de numerosos, os milh\u00f5es de brasileiros autistas ainda sofrem para encontrar tratamento adequado. Sendo aprovada pelo Senado, a utiliza\u00e7\u00e3o do censo para inclus\u00e3o do Autismo, ir\u00e1 facilitar nas pol\u00edticas p\u00fablicas\u201d, argumenta.<\/p>\n<p>Fonte: CMJF<\/p>\n","protected":false},"excerpt":{"rendered":"<p>O vereador J\u00falio Obama Jr. (PHS) apresentou na reuni\u00e3o da sexta-feira, 5, duas representa\u00e7\u00f5es solicitando a inclus\u00e3o de dados sobre pessoas com autismo nos censos demogr\u00e1ficos do pa\u00eds. Uma das representa\u00e7\u00f5es foi enviada para o Presidente da Rep\u00fablica, Jair Messias Bolsonaro (PSL), e para a Presidente do Instituto Brasileiro de Geografia e Estat\u00edstica (IBGE), Susana [&hellip;]<\/p>\n","protected":false},"author":96,"featured_media":143067,"comment_status":"closed","ping_status":"closed","sticky":false,"template":"","format":"standard","meta":{"footnotes":""},"categories":[253,436,439],"tags":[],"class_list":["post-143296","post","type-post","status-publish","format-standard","has-post-thumbnail","hentry","category-cidade","category-destaque-da-semana","category-ultima-hora"],"_links":{"self":[{"href":"https:\/\/diarioregionaldigital.com.br\/index.php?rest_route=\/wp\/v2\/posts\/143296","targetHints":{"allow":["GET"]}}],"collection":[{"href":"https:\/\/diarioregionaldigital.com.br\/index.php?rest_route=\/wp\/v2\/posts"}],"about":[{"href":"https:\/\/diarioregionaldigital.com.br\/index.php?rest_route=\/wp\/v2\/types\/post"}],"author":[{"embeddable":true,"href":"https:\/\/diarioregionaldigital.com.br\/index.php?rest_route=\/wp\/v2\/users\/96"}],"replies":[{"embeddable":true,"href":"https:\/\/diarioregionaldigital.com.br\/index.php?rest_route=%2Fwp%2Fv2%2Fcomments&post=143296"}],"version-history":[{"count":0,"href":"https:\/\/diarioregionaldigital.com.br\/index.php?rest_route=\/wp\/v2\/posts\/143296\/revisions"}],"wp:featuredmedia":[{"embeddable":true,"href":"https:\/\/diarioregionaldigital.com.br\/index.php?rest_route=\/wp\/v2\/media\/143067"}],"wp:attachment":[{"href":"https:\/\/diarioregionaldigital.com.br\/index.php?rest_route=%2Fwp%2Fv2%2Fmedia&parent=143296"}],"wp:term":[{"taxonomy":"category","embeddable":true,"href":"https:\/\/diarioregionaldigital.com.br\/index.php?rest_route=%2Fwp%2Fv2%2Fcategories&post=143296"},{"taxonomy":"post_tag","embeddable":true,"href":"https:\/\/diarioregionaldigital.com.br\/index.php?rest_route=%2Fwp%2Fv2%2Ftags&post=143296"}],"curies":[{"name":"wp","href":"https:\/\/api.w.org\/{rel}","templated":true}]}}