{"id":143295,"date":"2019-07-06T15:34:09","date_gmt":"2019-07-06T18:34:09","guid":{"rendered":"https:\/\/diarioregionaldigital.com.br\/?p=143295"},"modified":"2019-07-08T18:19:21","modified_gmt":"2019-07-08T21:19:21","slug":"audiencia-publica-sobre-a-concessao-da-mrs-e-cancelada","status":"publish","type":"post","link":"https:\/\/diarioregionaldigital.com.br\/?p=143295","title":{"rendered":"Audi\u00eancia p\u00fablica sobre a concess\u00e3o da MRS \u00e9 cancelada"},"content":{"rendered":"<p>Atendendo a uma solicita\u00e7\u00e3o da Empresa MRS Log\u00edstica S\/A a audi\u00eancia p\u00fablica que iria debater a renova\u00e7\u00e3o do contrato de concess\u00e3o e renova\u00e7\u00e3o da MRS foi cancelada. A audi\u00eancia aconteceria na pr\u00f3xima quarta-feira, 10. Na justificativa a empresa esclareceu que necessita de um prazo para as contribui\u00e7\u00f5es no processo de participa\u00e7\u00e3o p\u00fablica da Ag\u00eancia Nacional de Transportes Terrestres (ANTT), que busca maior efetividade da audi\u00eancia.<\/p>\n<p>A audi\u00eancia foi marcada a pedido de todos os vereadores para debater as possibilidades da renova\u00e7\u00e3o do contrato de concess\u00e3o da MRS, a fim de prestarem esclarecimentos sobre a mat\u00e9ria em quest\u00e3o, colaborando na efetiva discuss\u00e3o em prol do Munic\u00edpio de Juiz de Fora.<\/p>\n<p>Fonte: CMJF<\/p>\n","protected":false},"excerpt":{"rendered":"<p>Atendendo a uma solicita\u00e7\u00e3o da Empresa MRS Log\u00edstica S\/A a audi\u00eancia p\u00fablica que iria debater a renova\u00e7\u00e3o do contrato de concess\u00e3o e renova\u00e7\u00e3o da MRS foi cancelada. A audi\u00eancia aconteceria na pr\u00f3xima quarta-feira, 10. Na justificativa a empresa esclareceu que necessita de um prazo para as contribui\u00e7\u00f5es no processo de participa\u00e7\u00e3o p\u00fablica da Ag\u00eancia Nacional [&hellip;]<\/p>\n","protected":false},"author":96,"featured_media":143299,"comment_status":"closed","ping_status":"closed","sticky":false,"template":"","format":"standard","meta":{"footnotes":""},"categories":[253,436,439],"tags":[],"class_list":["post-143295","post","type-post","status-publish","format-standard","has-post-thumbnail","hentry","category-cidade","category-destaque-da-semana","category-ultima-hora"],"_links":{"self":[{"href":"https:\/\/diarioregionaldigital.com.br\/index.php?rest_route=\/wp\/v2\/posts\/143295","targetHints":{"allow":["GET"]}}],"collection":[{"href":"https:\/\/diarioregionaldigital.com.br\/index.php?rest_route=\/wp\/v2\/posts"}],"about":[{"href":"https:\/\/diarioregionaldigital.com.br\/index.php?rest_route=\/wp\/v2\/types\/post"}],"author":[{"embeddable":true,"href":"https:\/\/diarioregionaldigital.com.br\/index.php?rest_route=\/wp\/v2\/users\/96"}],"replies":[{"embeddable":true,"href":"https:\/\/diarioregionaldigital.com.br\/index.php?rest_route=%2Fwp%2Fv2%2Fcomments&post=143295"}],"version-history":[{"count":0,"href":"https:\/\/diarioregionaldigital.com.br\/index.php?rest_route=\/wp\/v2\/posts\/143295\/revisions"}],"wp:featuredmedia":[{"embeddable":true,"href":"https:\/\/diarioregionaldigital.com.br\/index.php?rest_route=\/wp\/v2\/media\/143299"}],"wp:attachment":[{"href":"https:\/\/diarioregionaldigital.com.br\/index.php?rest_route=%2Fwp%2Fv2%2Fmedia&parent=143295"}],"wp:term":[{"taxonomy":"category","embeddable":true,"href":"https:\/\/diarioregionaldigital.com.br\/index.php?rest_route=%2Fwp%2Fv2%2Fcategories&post=143295"},{"taxonomy":"post_tag","embeddable":true,"href":"https:\/\/diarioregionaldigital.com.br\/index.php?rest_route=%2Fwp%2Fv2%2Ftags&post=143295"}],"curies":[{"name":"wp","href":"https:\/\/api.w.org\/{rel}","templated":true}]}}