{"id":143286,"date":"2019-07-06T07:22:45","date_gmt":"2019-07-06T10:22:45","guid":{"rendered":"https:\/\/diarioregionaldigital.com.br\/?p=143286"},"modified":"2019-07-06T11:43:54","modified_gmt":"2019-07-06T14:43:54","slug":"equipes-do-disque-100-e-ligue-180-serao-treinadas-pela-abp","status":"publish","type":"post","link":"https:\/\/diarioregionaldigital.com.br\/?p=143286","title":{"rendered":"Equipes do Disque 100 e Ligue 180 ser\u00e3o treinadas pela ABP"},"content":{"rendered":"<p>O Minist\u00e9rio da Mulher, da Fam\u00edlia e dos Direitos Humanos fechou acordo para que os prestadores de servi\u00e7os do Disque 100 (Disque Direitos Humanos) e Ligue 180 (Central de Atendimento \u00e0 Mulher) recebam capacita\u00e7\u00e3o para atendimentos relacionados a suic\u00eddio e automutila\u00e7\u00e3o.<\/p>\n<p>A parceria assinada com a Associa\u00e7\u00e3o Brasileira de Psiquiatria (ABP) tem vig\u00eancia de 12 meses, prev\u00ea o sigilo das informa\u00e7\u00f5es e a defini\u00e7\u00e3o de fluxo de encaminhamento das den\u00fancias. O acordo n\u00e3o envolve recursos financeiros.<\/p>\n<p>A ministra Damares Alves ressaltou que a parceria tem o objetivo de garantir treinamentos gratuitos \u2013 a serem realizados pela ABP \u2013 para os atendentes que atuam vinculados \u00e0 Ouvidoria Nacional de Direitos Humanos, do MMFDH. \u201cA import\u00e2ncia \u00e9 termos um canal aberto, preparado, para falar com a pessoa que est\u00e1 em sofrimento. N\u00e3o \u00e9 s\u00f3 ouvir, \u00e9 saber o que dizer. Ent\u00e3o o treinamento vem para ensinar os nossos atendentes o que dizer\u201d, completou.<\/p>\n<p>O diretor da Associa\u00e7\u00e3o Brasileira de Psiquiatria e presidente da Associa\u00e7\u00e3o Psiqui\u00e1trica da Am\u00e9rica Latina, Ant\u00f4nio Geraldo da Silva, destacou que, em primeiro lugar, a ideia \u00e9 fazer um mapeamento das pessoas que est\u00e3o no Disque 100 e no Ligue 180. \u201cAp\u00f3s isso, n\u00f3s vamos dividir o grupo conforme a forma\u00e7\u00e3o, para poder dar uma forma\u00e7\u00e3o diferenciada para cada um. E depois, tamb\u00e9m dar supervis\u00e3o para essas pessoas\u201d, disse.<\/p>\n<p>O representante da Associa\u00e7\u00e3o acrescentou, ainda, que \u00e9 essencial garantir apoio psicol\u00f3gico para os atendentes dos canais de den\u00fancia. \u201cSe a pessoa tem algum problema, se a pessoa est\u00e1 se sentindo bem ou n\u00e3o em trabalhar naquele lugar, ela vai ter, ent\u00e3o, um psiquiatra, um psic\u00f3logo, para que possa ir e que possa manter tamb\u00e9m o seu cuidado. N\u00f3s vamos cuidar do cuidador, de quem vai cuidar das outras pessoas\u201d, finalizou.<\/p>\n<p>Fonte: Ag\u00eancia Brasil<\/p>\n","protected":false},"excerpt":{"rendered":"<p>O Minist\u00e9rio da Mulher, da Fam\u00edlia e dos Direitos Humanos fechou acordo para que os prestadores de servi\u00e7os do Disque 100 (Disque Direitos Humanos) e Ligue 180 (Central de Atendimento \u00e0 Mulher) recebam capacita\u00e7\u00e3o para atendimentos relacionados a suic\u00eddio e automutila\u00e7\u00e3o. A parceria assinada com a Associa\u00e7\u00e3o Brasileira de Psiquiatria (ABP) tem vig\u00eancia de 12 [&hellip;]<\/p>\n","protected":false},"author":96,"featured_media":143292,"comment_status":"closed","ping_status":"closed","sticky":false,"template":"","format":"standard","meta":{"footnotes":""},"categories":[302,436,439],"tags":[],"class_list":["post-143286","post","type-post","status-publish","format-standard","has-post-thumbnail","hentry","category-brasil-mundo","category-destaque-da-semana","category-ultima-hora"],"_links":{"self":[{"href":"https:\/\/diarioregionaldigital.com.br\/index.php?rest_route=\/wp\/v2\/posts\/143286","targetHints":{"allow":["GET"]}}],"collection":[{"href":"https:\/\/diarioregionaldigital.com.br\/index.php?rest_route=\/wp\/v2\/posts"}],"about":[{"href":"https:\/\/diarioregionaldigital.com.br\/index.php?rest_route=\/wp\/v2\/types\/post"}],"author":[{"embeddable":true,"href":"https:\/\/diarioregionaldigital.com.br\/index.php?rest_route=\/wp\/v2\/users\/96"}],"replies":[{"embeddable":true,"href":"https:\/\/diarioregionaldigital.com.br\/index.php?rest_route=%2Fwp%2Fv2%2Fcomments&post=143286"}],"version-history":[{"count":0,"href":"https:\/\/diarioregionaldigital.com.br\/index.php?rest_route=\/wp\/v2\/posts\/143286\/revisions"}],"wp:featuredmedia":[{"embeddable":true,"href":"https:\/\/diarioregionaldigital.com.br\/index.php?rest_route=\/wp\/v2\/media\/143292"}],"wp:attachment":[{"href":"https:\/\/diarioregionaldigital.com.br\/index.php?rest_route=%2Fwp%2Fv2%2Fmedia&parent=143286"}],"wp:term":[{"taxonomy":"category","embeddable":true,"href":"https:\/\/diarioregionaldigital.com.br\/index.php?rest_route=%2Fwp%2Fv2%2Fcategories&post=143286"},{"taxonomy":"post_tag","embeddable":true,"href":"https:\/\/diarioregionaldigital.com.br\/index.php?rest_route=%2Fwp%2Fv2%2Ftags&post=143286"}],"curies":[{"name":"wp","href":"https:\/\/api.w.org\/{rel}","templated":true}]}}