{"id":143285,"date":"2019-07-06T07:21:15","date_gmt":"2019-07-06T10:21:15","guid":{"rendered":"https:\/\/diarioregionaldigital.com.br\/?p=143285"},"modified":"2019-07-06T11:43:26","modified_gmt":"2019-07-06T14:43:26","slug":"subsidios-com-deducao-de-gastos-medicos-no-ir-saltam-40-em-sete-anos","status":"publish","type":"post","link":"https:\/\/diarioregionaldigital.com.br\/?p=143285","title":{"rendered":"Subs\u00eddios com dedu\u00e7\u00e3o de gastos m\u00e9dicos no IR saltam 40% em sete anos"},"content":{"rendered":"<p>Os subs\u00eddios da Uni\u00e3o com dedu\u00e7\u00f5es de despesas m\u00e9dicas no Imposto de Renda Pessoa F\u00edsica (IRPF) cresceram 40% em sete anos, revelou relat\u00f3rio divulgado na sexta-feira (5) pela Secretaria de Avalia\u00e7\u00e3o de Pol\u00edticas P\u00fablicas, Energia e Loteria do Minist\u00e9rio da Economia. A ren\u00fancia do governo federal com o benef\u00edcio tribut\u00e1rio passou de R$ 10,6 bilh\u00f5es em 2010 para R$ 15,1 bilh\u00f5es em 2017.<\/p>\n<p>De acordo com o minist\u00e9rio, essa pol\u00edtica \u00e9 regressiva em rela\u00e7\u00e3o \u00e0 distribui\u00e7\u00e3o de renda porque beneficia apenas os 20% mais ricos da popula\u00e7\u00e3o. Segundo o Boletim sobre Subs\u00eddios da Uni\u00e3o, quanto mais alta a faixa de renda, maior o aproveitamento do benef\u00edcio. Os 10% mais ricos se apropriam de 86% do total do subs\u00eddio. A parcela dos mais ricos (1% da popula\u00e7\u00e3o) concentrou 18% do total.<\/p>\n<p>Em 2017, os subs\u00eddios para os consumidores de servi\u00e7os privados de sa\u00fade atingiram R$ 45,9 bilh\u00f5es. Isso equivale a 40% de todo o investimento da Uni\u00e3o em sa\u00fade p\u00fablica no mesmo ano, que somou R$ 114,7 bilh\u00f5es.<\/p>\n<p>Al\u00e9m da dedu\u00e7\u00e3o de gastos m\u00e9dicos no IRPF, que fez o governo deixar de arrecadar R$ 15,1 bilh\u00f5es em 2017, o governo desonera a produ\u00e7\u00e3o de medicamentos (R$ 11,2 bilh\u00f5es) e isenta as contribui\u00e7\u00f5es patronais para a previd\u00eancia das entidades filantr\u00f3picas (R$ 7,8 bilh\u00f5es).<\/p>\n<h2>Sugest\u00e3o<\/h2>\n<p>Entre as conclus\u00f5es do relat\u00f3rio, est\u00e1 a defesa do fim das dedu\u00e7\u00f5es com gastos m\u00e9dicos, em troca da redu\u00e7\u00e3o das al\u00edquotas do Imposto de Renda para toda a popula\u00e7\u00e3o.<\/p>\n<p>Segundo o Minist\u00e9rio da Economia, a medida reduziria as desigualdades e resultaria em ganhos de efici\u00eancia econ\u00f4mica para o pa\u00eds, por meio do incentivo \u00e0 oferta de trabalho e da diminui\u00e7\u00e3o de distor\u00e7\u00f5es nas pol\u00edticas p\u00fablicas.<\/p>\n<p>Fonte: Ag\u00eancia Brasil<\/p>\n","protected":false},"excerpt":{"rendered":"<p>Os subs\u00eddios da Uni\u00e3o com dedu\u00e7\u00f5es de despesas m\u00e9dicas no Imposto de Renda Pessoa F\u00edsica (IRPF) cresceram 40% em sete anos, revelou relat\u00f3rio divulgado na sexta-feira (5) pela Secretaria de Avalia\u00e7\u00e3o de Pol\u00edticas P\u00fablicas, Energia e Loteria do Minist\u00e9rio da Economia. A ren\u00fancia do governo federal com o benef\u00edcio tribut\u00e1rio passou de R$ 10,6 bilh\u00f5es [&hellip;]<\/p>\n","protected":false},"author":96,"featured_media":143290,"comment_status":"closed","ping_status":"closed","sticky":false,"template":"","format":"standard","meta":{"footnotes":""},"categories":[436,261,439],"tags":[],"class_list":["post-143285","post","type-post","status-publish","format-standard","has-post-thumbnail","hentry","category-destaque-da-semana","category-economia","category-ultima-hora"],"_links":{"self":[{"href":"https:\/\/diarioregionaldigital.com.br\/index.php?rest_route=\/wp\/v2\/posts\/143285","targetHints":{"allow":["GET"]}}],"collection":[{"href":"https:\/\/diarioregionaldigital.com.br\/index.php?rest_route=\/wp\/v2\/posts"}],"about":[{"href":"https:\/\/diarioregionaldigital.com.br\/index.php?rest_route=\/wp\/v2\/types\/post"}],"author":[{"embeddable":true,"href":"https:\/\/diarioregionaldigital.com.br\/index.php?rest_route=\/wp\/v2\/users\/96"}],"replies":[{"embeddable":true,"href":"https:\/\/diarioregionaldigital.com.br\/index.php?rest_route=%2Fwp%2Fv2%2Fcomments&post=143285"}],"version-history":[{"count":0,"href":"https:\/\/diarioregionaldigital.com.br\/index.php?rest_route=\/wp\/v2\/posts\/143285\/revisions"}],"wp:featuredmedia":[{"embeddable":true,"href":"https:\/\/diarioregionaldigital.com.br\/index.php?rest_route=\/wp\/v2\/media\/143290"}],"wp:attachment":[{"href":"https:\/\/diarioregionaldigital.com.br\/index.php?rest_route=%2Fwp%2Fv2%2Fmedia&parent=143285"}],"wp:term":[{"taxonomy":"category","embeddable":true,"href":"https:\/\/diarioregionaldigital.com.br\/index.php?rest_route=%2Fwp%2Fv2%2Fcategories&post=143285"},{"taxonomy":"post_tag","embeddable":true,"href":"https:\/\/diarioregionaldigital.com.br\/index.php?rest_route=%2Fwp%2Fv2%2Ftags&post=143285"}],"curies":[{"name":"wp","href":"https:\/\/api.w.org\/{rel}","templated":true}]}}