{"id":143284,"date":"2019-07-06T07:19:41","date_gmt":"2019-07-06T10:19:41","guid":{"rendered":"https:\/\/diarioregionaldigital.com.br\/?p=143284"},"modified":"2019-07-06T11:42:54","modified_gmt":"2019-07-06T14:42:54","slug":"campanha-vem-conscientizar-sobre-riscos-de-queimadas-durante-a-seca","status":"publish","type":"post","link":"https:\/\/diarioregionaldigital.com.br\/?p=143284","title":{"rendered":"Campanha vem conscientizar sobre riscos de queimadas durante a seca"},"content":{"rendered":"<p>A Ag\u00eancia Nacional de Energia El\u00e9trica (ANEEL) come\u00e7ou esta semana a campanha para prevenir inc\u00eandios em \u00e1reas pr\u00f3ximas da transmiss\u00e3o de energia.\u00a0 Sob o mote \u201cFique ligado: n\u00e3o seja o causador de um inc\u00eandio\u201d, a ag\u00eancia quer motivar o senso de responsabilidade quanto ao assunto, abordando situa\u00e7\u00f5es cotidianas em que o descuido no manuseio de fogo \u2013 especialmente em queimadas irregulares, cigarro e fogueiras \u2013 pode gerar inc\u00eandios pr\u00f3ximos \u00e0 rede de transmiss\u00e3o de energia el\u00e9trica.<\/p>\n<p>Segundo a ANEEL, em per\u00edodo de seca, de julho e novembro, as principais causas do desligamento for\u00e7ados na rede de transmiss\u00e3o de energia el\u00e9trica s\u00e3o as queimadas irregulares, respons\u00e1veis por cerca de 323 casos de desligamento da rede el\u00e9trica em 2018.<\/p>\n<h2>Legisla\u00e7\u00e3o<\/h2>\n<p>Desde o Decreto 2.661, provocar queimadas pr\u00f3ximo ao setor el\u00e9trico \u00e9 crime. O dispositivo legal pro\u00edbe atear fogo em uma faixa de 15 metros dos limites de seguran\u00e7a das linhas de transmiss\u00e3o de energia e de 100 metros ao redor das subesta\u00e7\u00f5es.<\/p>\n<p>Os riscos das queimadas pr\u00f3ximas \u00e0s linhas de transmiss\u00e3o s\u00e3o de curtos-circuitos, o que pode afetar hospitais, escolas e o tr\u00e2nsito com o congestionamento causado pelo desligamento de sem\u00e1foros. Os inc\u00eandios prejudicam tamb\u00e9m a seguran\u00e7a de motoristas, que t\u00eam a visibilidade das pistas prejudicada devido \u00e0 fuma\u00e7a.<\/p>\n<h2>Cuidados<\/h2>\n<p>A Aneel aconselha a popula\u00e7\u00e3o a acionar os bombeiros imediatamente, discando 193, caso veja algum foco de inc\u00eandio.<\/p>\n<p>Outra recomenda\u00e7\u00e3o \u00e9 n\u00e3o jogar pontas de cigarros ou f\u00f3sforos \u00e0 beira de estradas ou perto de campos e florestas , n\u00e3o soltar bal\u00f5es e\u00a0tamb\u00e9m n\u00e3o usar fogo para elimina\u00e7\u00e3o de lixo ou para limpeza para a planta\u00e7\u00e3o.<\/p>\n<p>Fonte: Ag\u00eancia Brasil<\/p>\n","protected":false},"excerpt":{"rendered":"<p>A Ag\u00eancia Nacional de Energia El\u00e9trica (ANEEL) come\u00e7ou esta semana a campanha para prevenir inc\u00eandios em \u00e1reas pr\u00f3ximas da transmiss\u00e3o de energia.\u00a0 Sob o mote \u201cFique ligado: n\u00e3o seja o causador de um inc\u00eandio\u201d, a ag\u00eancia quer motivar o senso de responsabilidade quanto ao assunto, abordando situa\u00e7\u00f5es cotidianas em que o descuido no manuseio de [&hellip;]<\/p>\n","protected":false},"author":96,"featured_media":143288,"comment_status":"closed","ping_status":"closed","sticky":false,"template":"","format":"standard","meta":{"footnotes":""},"categories":[302,436,439],"tags":[],"class_list":["post-143284","post","type-post","status-publish","format-standard","has-post-thumbnail","hentry","category-brasil-mundo","category-destaque-da-semana","category-ultima-hora"],"_links":{"self":[{"href":"https:\/\/diarioregionaldigital.com.br\/index.php?rest_route=\/wp\/v2\/posts\/143284","targetHints":{"allow":["GET"]}}],"collection":[{"href":"https:\/\/diarioregionaldigital.com.br\/index.php?rest_route=\/wp\/v2\/posts"}],"about":[{"href":"https:\/\/diarioregionaldigital.com.br\/index.php?rest_route=\/wp\/v2\/types\/post"}],"author":[{"embeddable":true,"href":"https:\/\/diarioregionaldigital.com.br\/index.php?rest_route=\/wp\/v2\/users\/96"}],"replies":[{"embeddable":true,"href":"https:\/\/diarioregionaldigital.com.br\/index.php?rest_route=%2Fwp%2Fv2%2Fcomments&post=143284"}],"version-history":[{"count":0,"href":"https:\/\/diarioregionaldigital.com.br\/index.php?rest_route=\/wp\/v2\/posts\/143284\/revisions"}],"wp:featuredmedia":[{"embeddable":true,"href":"https:\/\/diarioregionaldigital.com.br\/index.php?rest_route=\/wp\/v2\/media\/143288"}],"wp:attachment":[{"href":"https:\/\/diarioregionaldigital.com.br\/index.php?rest_route=%2Fwp%2Fv2%2Fmedia&parent=143284"}],"wp:term":[{"taxonomy":"category","embeddable":true,"href":"https:\/\/diarioregionaldigital.com.br\/index.php?rest_route=%2Fwp%2Fv2%2Fcategories&post=143284"},{"taxonomy":"post_tag","embeddable":true,"href":"https:\/\/diarioregionaldigital.com.br\/index.php?rest_route=%2Fwp%2Fv2%2Ftags&post=143284"}],"curies":[{"name":"wp","href":"https:\/\/api.w.org\/{rel}","templated":true}]}}