{"id":143283,"date":"2019-07-07T06:00:34","date_gmt":"2019-07-07T09:00:34","guid":{"rendered":"https:\/\/diarioregionaldigital.com.br\/?p=143283"},"modified":"2019-07-05T19:00:01","modified_gmt":"2019-07-05T22:00:01","slug":"sucesso-17","status":"publish","type":"post","link":"https:\/\/diarioregionaldigital.com.br\/?p=143283","title":{"rendered":"Sucesso"},"content":{"rendered":"<p style=\"text-align: center;\"><strong>Sucesso <\/strong><\/p>\n<p style=\"text-align: center;\">Digna de aplausos, a escritora Cecy Barbosa Campos vai participar da Flip onde lan\u00e7ar\u00e1 2 livros novos e falar de literatura. Al\u00e9m das palestras, ela vai participar de um jantar de confraterniza\u00e7\u00e3o e de um coquetel oferecido pelo Consulado da Su\u00ed\u00e7a a 30 pessoas no dia 11 de julho, \u00e0s 20h30.<\/p>\n<p style=\"text-align: center;\"><strong>D\u00f3-r\u00e9-mi-f\u00e1<\/strong><\/p>\n<p style=\"text-align: center;\">Colocando o som bem alto, a banda juiz-forana Cravo \u00e9 a 14\u00aa banda de pop rock mais tocada na r\u00e1dio do Brasil, segundo o \u2018ranking\u2019 da Connect Mix. Alinhado desde 2016, o grupo j\u00e1 se apresentou em v\u00e1rios festivais, inclusive o Rock in Rio.<\/p>\n<p style=\"text-align: center;\"><strong>Musical<\/strong><\/p>\n<p style=\"text-align: center;\">J\u00e1 est\u00e1 em andamento as inscri\u00e7\u00f5es at\u00e9 26 de julho para a segunda turma do \u201cAcorde\u201d, projeto de m\u00fasica do Instituto Padre Jo\u00e3o Em\u00edlio. As crian\u00e7as t\u00eam aulas em dois dias da semana, no hor\u00e1rio do contraturno escolar: as ter\u00e7as e quintas-feiras, das 8h10 \u00e0s 11h15. Ser\u00e3o selecionados 20 candidatos para as aulas de inicia\u00e7\u00e3o musical, canto coral e flauta doce. O p\u00fablico alvo \u00e9 para crian\u00e7as de 9 anos de idade e adolescentes at\u00e9 17 anos. Informa\u00e7\u00f5es: 3212-1216.<\/p>\n<p style=\"text-align: center;\"><strong>F\u00e9rias<\/strong><\/p>\n<p style=\"text-align: center;\">A partir do dia 10 de julho, est\u00e1 aberta a temporada de f\u00e9rias do Shopping Jardim Norte. Al\u00e9m de v\u00e1rias op\u00e7\u00f5es para todos os gostos e idades, a Campanha T\u00f4 de F\u00e9rias est\u00e1 de volta com promo\u00e7\u00f5es especiais nas opera\u00e7\u00f5es de alimento e lazer. A campanha vai at\u00e9 4 de agosto.<\/p>\n<p style=\"text-align: center;\"><strong>Missa<\/strong><\/p>\n<p style=\"text-align: center;\">Em momento eclesi\u00e1stico, aconteceu na Penitenci\u00e1ria Jos\u00e9 Edson Cavaliere (PJEC), no bairro Linhares, a missa da Miseric\u00f3rdia. Organizada pela Pastoral Carcer\u00e1ria, a iniciativa contou com a participa\u00e7\u00e3o de 45 encarcerados, entre homens e mulheres, seus familiares e funcion\u00e1rios do local. A celebra\u00e7\u00e3o foi presidida pelo arcebispo metropolitano, Dom Gil Ant\u00f4nio Moreira.<\/p>\n<div id=\"attachment_143267\" style=\"width: 690px\" class=\"wp-caption aligncenter\"><img loading=\"lazy\" decoding=\"async\" aria-describedby=\"caption-attachment-143267\" class=\"wp-image-143267\" src=\"https:\/\/diarioregionaldigital.com.br\/wp-content\/uploads\/2019\/07\/fotoa-4-e1562359320885.jpg\" alt=\"\" width=\"680\" height=\"550\" srcset=\"https:\/\/diarioregionaldigital.com.br\/wp-content\/uploads\/2019\/07\/fotoa-4-e1562359320885.jpg 1175w, https:\/\/diarioregionaldigital.com.br\/wp-content\/uploads\/2019\/07\/fotoa-4-e1562359320885-300x243.jpg 300w, https:\/\/diarioregionaldigital.com.br\/wp-content\/uploads\/2019\/07\/fotoa-4-e1562359320885-768x622.jpg 768w, https:\/\/diarioregionaldigital.com.br\/wp-content\/uploads\/2019\/07\/fotoa-4-e1562359320885-1024x829.jpg 1024w, https:\/\/diarioregionaldigital.com.br\/wp-content\/uploads\/2019\/07\/fotoa-4-e1562359320885-360x291.jpg 360w\" sizes=\"auto, (max-width: 680px) 100vw, 680px\" \/><p id=\"caption-attachment-143267\" class=\"wp-caption-text\">Direto do Sal\u00e3o MS, os profissionais da beleza 5 estrelas, Karolaine Beatriz, o top coiffeur Carlos Badico e Luzimara Gon\u00e7alves<\/p><\/div>\n<div id=\"attachment_143269\" style=\"width: 690px\" class=\"wp-caption aligncenter\"><img loading=\"lazy\" decoding=\"async\" aria-describedby=\"caption-attachment-143269\" class=\"wp-image-143269\" src=\"https:\/\/diarioregionaldigital.com.br\/wp-content\/uploads\/2019\/07\/fotob-3-e1562359389303.jpg\" alt=\"\" width=\"680\" height=\"584\" srcset=\"https:\/\/diarioregionaldigital.com.br\/wp-content\/uploads\/2019\/07\/fotob-3-e1562359389303.jpg 1139w, https:\/\/diarioregionaldigital.com.br\/wp-content\/uploads\/2019\/07\/fotob-3-e1562359389303-300x258.jpg 300w, https:\/\/diarioregionaldigital.com.br\/wp-content\/uploads\/2019\/07\/fotob-3-e1562359389303-768x660.jpg 768w, https:\/\/diarioregionaldigital.com.br\/wp-content\/uploads\/2019\/07\/fotob-3-e1562359389303-1024x880.jpg 1024w, https:\/\/diarioregionaldigital.com.br\/wp-content\/uploads\/2019\/07\/fotob-3-e1562359389303-360x309.jpg 360w\" sizes=\"auto, (max-width: 680px) 100vw, 680px\" \/><p id=\"caption-attachment-143269\" class=\"wp-caption-text\">Fazendo social \u201cin house\u201d, a atriz Pri Helena e o empres\u00e1rio Anderson Ara\u00fajo, aniversariante da semana<\/p><\/div>\n<div id=\"attachment_143268\" style=\"width: 690px\" class=\"wp-caption aligncenter\"><img loading=\"lazy\" decoding=\"async\" aria-describedby=\"caption-attachment-143268\" class=\"wp-image-143268\" src=\"https:\/\/diarioregionaldigital.com.br\/wp-content\/uploads\/2019\/07\/fotoaa-2-e1562359351998.jpg\" alt=\"\" width=\"680\" height=\"522\" srcset=\"https:\/\/diarioregionaldigital.com.br\/wp-content\/uploads\/2019\/07\/fotoaa-2-e1562359351998.jpg 657w, https:\/\/diarioregionaldigital.com.br\/wp-content\/uploads\/2019\/07\/fotoaa-2-e1562359351998-300x230.jpg 300w, https:\/\/diarioregionaldigital.com.br\/wp-content\/uploads\/2019\/07\/fotoaa-2-e1562359351998-360x276.jpg 360w\" sizes=\"auto, (max-width: 680px) 100vw, 680px\" \/><p id=\"caption-attachment-143268\" class=\"wp-caption-text\">No Terrazzo, durante o show do Ra\u00e7a Negra, o empres\u00e1rio Diogo Souza Gomes e o vocalista Lu\u00eds Luis Carlos<\/p><\/div>\n<div id=\"attachment_143272\" style=\"width: 690px\" class=\"wp-caption aligncenter\"><img loading=\"lazy\" decoding=\"async\" aria-describedby=\"caption-attachment-143272\" class=\"wp-image-143272\" src=\"https:\/\/diarioregionaldigital.com.br\/wp-content\/uploads\/2019\/07\/fotoe-3-e1562359421258.jpg\" alt=\"\" width=\"680\" height=\"579\" srcset=\"https:\/\/diarioregionaldigital.com.br\/wp-content\/uploads\/2019\/07\/fotoe-3-e1562359421258.jpg 1176w, https:\/\/diarioregionaldigital.com.br\/wp-content\/uploads\/2019\/07\/fotoe-3-e1562359421258-300x255.jpg 300w, https:\/\/diarioregionaldigital.com.br\/wp-content\/uploads\/2019\/07\/fotoe-3-e1562359421258-768x654.jpg 768w, https:\/\/diarioregionaldigital.com.br\/wp-content\/uploads\/2019\/07\/fotoe-3-e1562359421258-1024x872.jpg 1024w, https:\/\/diarioregionaldigital.com.br\/wp-content\/uploads\/2019\/07\/fotoe-3-e1562359421258-360x306.jpg 360w\" sizes=\"auto, (max-width: 680px) 100vw, 680px\" \/><p id=\"caption-attachment-143272\" class=\"wp-caption-text\">As locomotivas da sociedade em noite refinada, Meire Milhomens e L\u00facia Malatesta Lana<\/p><\/div>\n<div id=\"attachment_143273\" style=\"width: 690px\" class=\"wp-caption aligncenter\"><img loading=\"lazy\" decoding=\"async\" aria-describedby=\"caption-attachment-143273\" class=\"wp-image-143273\" src=\"https:\/\/diarioregionaldigital.com.br\/wp-content\/uploads\/2019\/07\/fotof-3-e1562359445583.jpg\" alt=\"\" width=\"680\" height=\"554\" srcset=\"https:\/\/diarioregionaldigital.com.br\/wp-content\/uploads\/2019\/07\/fotof-3-e1562359445583.jpg 1164w, https:\/\/diarioregionaldigital.com.br\/wp-content\/uploads\/2019\/07\/fotof-3-e1562359445583-300x244.jpg 300w, https:\/\/diarioregionaldigital.com.br\/wp-content\/uploads\/2019\/07\/fotof-3-e1562359445583-768x625.jpg 768w, https:\/\/diarioregionaldigital.com.br\/wp-content\/uploads\/2019\/07\/fotof-3-e1562359445583-1024x834.jpg 1024w, https:\/\/diarioregionaldigital.com.br\/wp-content\/uploads\/2019\/07\/fotof-3-e1562359445583-220x180.jpg 220w, https:\/\/diarioregionaldigital.com.br\/wp-content\/uploads\/2019\/07\/fotof-3-e1562359445583-360x293.jpg 360w\" sizes=\"auto, (max-width: 680px) 100vw, 680px\" \/><p id=\"caption-attachment-143273\" class=\"wp-caption-text\">Palmas para a Master Coach, Saula Maria<\/p><\/div>\n<div id=\"attachment_143274\" style=\"width: 690px\" class=\"wp-caption aligncenter\"><img loading=\"lazy\" decoding=\"async\" aria-describedby=\"caption-attachment-143274\" class=\"wp-image-143274\" src=\"https:\/\/diarioregionaldigital.com.br\/wp-content\/uploads\/2019\/07\/fotoh-3-e1562360837779.jpg\" alt=\"\" width=\"680\" height=\"637\" srcset=\"https:\/\/diarioregionaldigital.com.br\/wp-content\/uploads\/2019\/07\/fotoh-3-e1562360837779.jpg 1173w, https:\/\/diarioregionaldigital.com.br\/wp-content\/uploads\/2019\/07\/fotoh-3-e1562360837779-300x281.jpg 300w, https:\/\/diarioregionaldigital.com.br\/wp-content\/uploads\/2019\/07\/fotoh-3-e1562360837779-768x720.jpg 768w, https:\/\/diarioregionaldigital.com.br\/wp-content\/uploads\/2019\/07\/fotoh-3-e1562360837779-1024x959.jpg 1024w, https:\/\/diarioregionaldigital.com.br\/wp-content\/uploads\/2019\/07\/fotoh-3-e1562360837779-360x337.jpg 360w\" sizes=\"auto, (max-width: 680px) 100vw, 680px\" \/><p id=\"caption-attachment-143274\" class=\"wp-caption-text\">Direto de Tr\u00eas Rios (RJ) para esta coluna, o bonit\u00e3o Maycon Santiago<\/p><\/div>\n<div id=\"attachment_143275\" style=\"width: 690px\" class=\"wp-caption aligncenter\"><img loading=\"lazy\" decoding=\"async\" aria-describedby=\"caption-attachment-143275\" class=\"wp-image-143275\" src=\"https:\/\/diarioregionaldigital.com.br\/wp-content\/uploads\/2019\/07\/fotoi-4-e1562360869290.jpg\" alt=\"\" width=\"680\" height=\"554\" srcset=\"https:\/\/diarioregionaldigital.com.br\/wp-content\/uploads\/2019\/07\/fotoi-4-e1562360869290.jpg 1164w, https:\/\/diarioregionaldigital.com.br\/wp-content\/uploads\/2019\/07\/fotoi-4-e1562360869290-300x245.jpg 300w, https:\/\/diarioregionaldigital.com.br\/wp-content\/uploads\/2019\/07\/fotoi-4-e1562360869290-768x626.jpg 768w, https:\/\/diarioregionaldigital.com.br\/wp-content\/uploads\/2019\/07\/fotoi-4-e1562360869290-1024x835.jpg 1024w, https:\/\/diarioregionaldigital.com.br\/wp-content\/uploads\/2019\/07\/fotoi-4-e1562360869290-220x180.jpg 220w, https:\/\/diarioregionaldigital.com.br\/wp-content\/uploads\/2019\/07\/fotoi-4-e1562360869290-360x294.jpg 360w\" sizes=\"auto, (max-width: 680px) 100vw, 680px\" \/><p id=\"caption-attachment-143275\" class=\"wp-caption-text\">Modelando em S\u00e3o Paulo, Carlos Franco<\/p><\/div>\n<div id=\"attachment_143270\" style=\"width: 690px\" class=\"wp-caption aligncenter\"><img loading=\"lazy\" decoding=\"async\" aria-describedby=\"caption-attachment-143270\" class=\"wp-image-143270\" src=\"https:\/\/diarioregionaldigital.com.br\/wp-content\/uploads\/2019\/07\/fotoc-3.jpg\" alt=\"\" width=\"680\" height=\"452\" srcset=\"https:\/\/diarioregionaldigital.com.br\/wp-content\/uploads\/2019\/07\/fotoc-3.jpg 1770w, https:\/\/diarioregionaldigital.com.br\/wp-content\/uploads\/2019\/07\/fotoc-3-300x199.jpg 300w, https:\/\/diarioregionaldigital.com.br\/wp-content\/uploads\/2019\/07\/fotoc-3-768x510.jpg 768w, https:\/\/diarioregionaldigital.com.br\/wp-content\/uploads\/2019\/07\/fotoc-3-1024x680.jpg 1024w, https:\/\/diarioregionaldigital.com.br\/wp-content\/uploads\/2019\/07\/fotoc-3-360x239.jpg 360w\" sizes=\"auto, (max-width: 680px) 100vw, 680px\" \/><p id=\"caption-attachment-143270\" class=\"wp-caption-text\">No Terrazzo, os antenados, Vitor Lopes Machado, Franciane Bruna, Terezinha e Rose Oliveira<\/p><\/div>\n<div id=\"attachment_143271\" style=\"width: 690px\" class=\"wp-caption aligncenter\"><img loading=\"lazy\" decoding=\"async\" aria-describedby=\"caption-attachment-143271\" class=\"wp-image-143271\" src=\"https:\/\/diarioregionaldigital.com.br\/wp-content\/uploads\/2019\/07\/fotod-3.jpg\" alt=\"\" width=\"680\" height=\"449\" srcset=\"https:\/\/diarioregionaldigital.com.br\/wp-content\/uploads\/2019\/07\/fotod-3.jpg 1770w, https:\/\/diarioregionaldigital.com.br\/wp-content\/uploads\/2019\/07\/fotod-3-300x198.jpg 300w, https:\/\/diarioregionaldigital.com.br\/wp-content\/uploads\/2019\/07\/fotod-3-768x508.jpg 768w, https:\/\/diarioregionaldigital.com.br\/wp-content\/uploads\/2019\/07\/fotod-3-1024x677.jpg 1024w, https:\/\/diarioregionaldigital.com.br\/wp-content\/uploads\/2019\/07\/fotod-3-1440x950.jpg 1440w, https:\/\/diarioregionaldigital.com.br\/wp-content\/uploads\/2019\/07\/fotod-3-360x238.jpg 360w\" sizes=\"auto, (max-width: 680px) 100vw, 680px\" \/><p id=\"caption-attachment-143271\" class=\"wp-caption-text\">O ator Marcos Ot\u00e1vio comemorou seu anivers\u00e1rio em sua cobertura na Av. Itamar Franco com os amigos, Eduardo Gomes, J\u00fanio Dutra Pimentel, Paulo Roberto Souza e Alex Martins<\/p><\/div>\n<div id=\"attachment_143276\" style=\"width: 690px\" class=\"wp-caption aligncenter\"><img loading=\"lazy\" decoding=\"async\" aria-describedby=\"caption-attachment-143276\" class=\"wp-image-143276\" src=\"https:\/\/diarioregionaldigital.com.br\/wp-content\/uploads\/2019\/07\/fotoj-3.jpg\" alt=\"\" width=\"680\" height=\"452\" srcset=\"https:\/\/diarioregionaldigital.com.br\/wp-content\/uploads\/2019\/07\/fotoj-3.jpg 1770w, https:\/\/diarioregionaldigital.com.br\/wp-content\/uploads\/2019\/07\/fotoj-3-300x199.jpg 300w, https:\/\/diarioregionaldigital.com.br\/wp-content\/uploads\/2019\/07\/fotoj-3-768x510.jpg 768w, https:\/\/diarioregionaldigital.com.br\/wp-content\/uploads\/2019\/07\/fotoj-3-1024x680.jpg 1024w, https:\/\/diarioregionaldigital.com.br\/wp-content\/uploads\/2019\/07\/fotoj-3-360x239.jpg 360w\" sizes=\"auto, (max-width: 680px) 100vw, 680px\" \/><p id=\"caption-attachment-143276\" class=\"wp-caption-text\">Em sintonia: Paulo D\u2019Avila, Maria Isabel Alvim (aniversariando), Patr\u00edcia Lisboa e Fred Alvim<\/p><\/div>\n<p style=\"text-align: center;\"><strong>FOTOSS\u00cdNTESE<\/strong><\/p>\n<p>Depois da on\u00e7a pintada, a sensa\u00e7\u00e3o agora em Juiz de Fora \u00e9 o bicho pregui\u00e7a, animal foi capturado por equipe da PJF e Pol\u00edcia Militar Ambiental em casa no Aeroporto e j\u00e1 reina no Parque da Lajinha.<\/p>\n<p>O Juiz de Fora Convention &amp; Visitors Bureau (JFC&amp;VB), realizou com sucesso o 1\u00ba F\u00f3rum de Gest\u00e3o de Turismo e Eventos de Juiz de Fora e Regi\u00e3o. O tema foi \u201cRedes e planejamento\u201d. Participaram autoridades ligadas ao setor de turismo, exposi\u00e7\u00e3o de produtos para hoteleiros, mostra de fotos feita por alunos do curso de Artes &amp; Design da UFJF, vendas de souvenirs e degusta\u00e7\u00e3o de cerveja.<\/p>\n<p>O prefeito Ant\u00f4nio Almas (PSDB) prorrogou, at\u00e9 8 de julho de 2021, o prazo de validade dos concursos p\u00fablicos referentes aos editais 2\/2016 e 3\/2016, realizados pela Prefeitura de Juiz de Fora (PJF).<\/p>\n<p>Segue at\u00e9 o dia 12 de julho, na Pra\u00e7a CEU de Benfica, zona Norte, cadastro voltado para pais e\/ou respons\u00e1veis pelas crian\u00e7as e jovens que desejam ingressar na Educa\u00e7\u00e3o Infantil e na rede p\u00fablica do munic\u00edpio, dentro do cadastramento escolar 2020.<\/p>\n<p>Em boa hora, o Forest Beer arrecadou uma tonelada de alimentos para as Obras Sociais Padre Nilton Fagundes Hauck e Assist\u00eancia Nossa Senhora da Gl\u00f3ria.<\/p>\n<p>Digna de elogios, a jornalista Tatiana Yasbech assina artigo sobre o escritor Fernando Sabino na revista digital \u201cDrops\u201d, de Fal Azevedo.<\/p>\n<p>Jo\u00e3o Jos\u00e9 Couto e Marialice Souto prestigiaram na Fiemg Regional a palestra do psic\u00f3logo Bedsen Rocha Gomes sobre o tema estrat\u00e9gias de comunica\u00e7\u00e3o para l\u00edderes.<\/p>\n<p>O Terrazzo vai estar decorado no estilo caipira para o Arrai\u00e1 Aviva 2019, no domingo, 7, de 15h \u00e0s 22h. O tema \u201cConta l\u00e1 que eu conto c\u00e1\u201d, vai ter comidas e bebidas t\u00edpicas e muita m\u00fasica boa.<\/p>\n<p>Para selecionar: Em tempo de d\u00favidas e incertezas, \u00e9 bom separar o joio do trigo. Bom dia.<\/p>\n<p><img loading=\"lazy\" decoding=\"async\" class=\"aligncenter size-full wp-image-143202\" src=\"https:\/\/diarioregionaldigital.com.br\/wp-content\/uploads\/2019\/07\/Painel_6x11.jpg\" alt=\"\" width=\"3504\" height=\"1555\" srcset=\"https:\/\/diarioregionaldigital.com.br\/wp-content\/uploads\/2019\/07\/Painel_6x11.jpg 3504w, https:\/\/diarioregionaldigital.com.br\/wp-content\/uploads\/2019\/07\/Painel_6x11-300x133.jpg 300w, https:\/\/diarioregionaldigital.com.br\/wp-content\/uploads\/2019\/07\/Painel_6x11-768x341.jpg 768w, https:\/\/diarioregionaldigital.com.br\/wp-content\/uploads\/2019\/07\/Painel_6x11-1024x454.jpg 1024w, https:\/\/diarioregionaldigital.com.br\/wp-content\/uploads\/2019\/07\/Painel_6x11-360x160.jpg 360w\" sizes=\"auto, (max-width: 3504px) 100vw, 3504px\" \/><\/p>\n<p>&nbsp;<\/p>\n","protected":false},"excerpt":{"rendered":"<p>Sucesso Digna de aplausos, a escritora Cecy Barbosa Campos vai participar da Flip onde lan\u00e7ar\u00e1 2 livros novos e falar de literatura. Al\u00e9m das palestras, ela vai participar de um jantar de confraterniza\u00e7\u00e3o e de um coquetel oferecido pelo Consulado da Su\u00ed\u00e7a a 30 pessoas no dia 11 de julho, \u00e0s 20h30. D\u00f3-r\u00e9-mi-f\u00e1 Colocando o [&hellip;]<\/p>\n","protected":false},"author":96,"featured_media":143267,"comment_status":"closed","ping_status":"closed","sticky":false,"template":"","format":"standard","meta":{"footnotes":""},"categories":[264],"tags":[],"class_list":["post-143283","post","type-post","status-publish","format-standard","has-post-thumbnail","hentry","category-eduardo-gomes"],"_links":{"self":[{"href":"https:\/\/diarioregionaldigital.com.br\/index.php?rest_route=\/wp\/v2\/posts\/143283","targetHints":{"allow":["GET"]}}],"collection":[{"href":"https:\/\/diarioregionaldigital.com.br\/index.php?rest_route=\/wp\/v2\/posts"}],"about":[{"href":"https:\/\/diarioregionaldigital.com.br\/index.php?rest_route=\/wp\/v2\/types\/post"}],"author":[{"embeddable":true,"href":"https:\/\/diarioregionaldigital.com.br\/index.php?rest_route=\/wp\/v2\/users\/96"}],"replies":[{"embeddable":true,"href":"https:\/\/diarioregionaldigital.com.br\/index.php?rest_route=%2Fwp%2Fv2%2Fcomments&post=143283"}],"version-history":[{"count":0,"href":"https:\/\/diarioregionaldigital.com.br\/index.php?rest_route=\/wp\/v2\/posts\/143283\/revisions"}],"wp:featuredmedia":[{"embeddable":true,"href":"https:\/\/diarioregionaldigital.com.br\/index.php?rest_route=\/wp\/v2\/media\/143267"}],"wp:attachment":[{"href":"https:\/\/diarioregionaldigital.com.br\/index.php?rest_route=%2Fwp%2Fv2%2Fmedia&parent=143283"}],"wp:term":[{"taxonomy":"category","embeddable":true,"href":"https:\/\/diarioregionaldigital.com.br\/index.php?rest_route=%2Fwp%2Fv2%2Fcategories&post=143283"},{"taxonomy":"post_tag","embeddable":true,"href":"https:\/\/diarioregionaldigital.com.br\/index.php?rest_route=%2Fwp%2Fv2%2Ftags&post=143283"}],"curies":[{"name":"wp","href":"https:\/\/api.w.org\/{rel}","templated":true}]}}