{"id":143264,"date":"2019-07-05T14:55:17","date_gmt":"2019-07-05T17:55:17","guid":{"rendered":"https:\/\/diarioregionaldigital.com.br\/?p=143264"},"modified":"2019-07-05T14:55:17","modified_gmt":"2019-07-05T17:55:17","slug":"bolsonaro-diz-que-governo-fez-sua-parte-na-reforma-da-previdencia","status":"publish","type":"post","link":"https:\/\/diarioregionaldigital.com.br\/?p=143264","title":{"rendered":"Bolsonaro diz que governo fez sua parte na reforma da Previd\u00eancia"},"content":{"rendered":"<p>O presidente Jair Bolsonaro ao comentar hoje (5) a aprova\u00e7\u00e3o do relat\u00f3rio da reforma da Previd\u00eancia (PEC 6\/19) na comiss\u00e3o especial da C\u00e2mara, disse que o governo fez sua parte e que \u00e9 poss\u00edvel corrigir no plen\u00e1rio \u201cposs\u00edveis equ\u00edvocos\u201d.<\/p>\n<p>\u201cFizemos nossa parte. Entramos com o projeto, agora, o governo n\u00e3o \u00e9 absoluto, n\u00e3o \u00e9 infal\u00edvel, algumas quest\u00f5es ser\u00e3o corrigidas, com toda certeza, junto ao plen\u00e1rio\u201d.<\/p>\n<p>E completou \u201co comando agora est\u00e1 com o nosso presidente [da C\u00e2mara] Rodrigo Maia. Tenho certeza que vamos conversar, vamos trazer o Paulo Guedes [ministro da Economia] para conversar, tamb\u00e9m trazer demais lideran\u00e7as. Estamos dispostos a conversar. Temos certeza que podemos corrigir poss\u00edveis, n\u00e3o digo injusti\u00e7a, mas poss\u00edveis equ\u00edvocos que por ventura ocorreram at\u00e9 o momento\u201d, disse em entrevista a jornalistas ap\u00f3s participar de cerim\u00f4nia do Batalh\u00e3o da Guarda Presidencial.<\/p>\n<p>Bolsonaro n\u00e3o citou o que poderiam ser esses poss\u00edveis equ\u00edvocos. Ele avaliou que o texto aprovado como um todo foi bom e disse considerar que \u201cpouca coisa tem que ser mexida\u201d.<\/p>\n<p>Ontem (4), Bolsonaro fez um apelo para que fossem aprovadas regras diferenciada para a aposentadoria de militares, mas a mudan\u00e7a foi rejeitada pela comiss\u00e3o especial.<\/p>\n<p>O presidente voltou a defender a necessidade da reforma da Previd\u00eancia. \u201cO governo tem que fazer de tudo para que essa previd\u00eancia n\u00e3o morra. Uma boa previd\u00eancia \u00e9 aquela que vai ser aprovada e n\u00e3o comete injusti\u00e7a com quem quer que seja, reconhecemos a especificidade de v\u00e1rias carreiras mas todos t\u00eam que contribuir com alguma coisa\u201d.<\/p>\n<p>Ao lado do presidente Bolsonaro, o l\u00edder do governo na C\u00e2mara, Major Victor Hugo (PLS-GO), disse que a prova\u00e7\u00e3o foi uma vit\u00f3ria do pa\u00eds para construir uma \u201cprevid\u00eancia mais justa e equilibrada\u201d. O l\u00edder explicou que, em rela\u00e7\u00e3o aos policiais militares e bombeiros, foi aprovado na comiss\u00e3o especial um destaque prevendo que a Uni\u00e3o far\u00e1 uma lei complementar que vai tratar de normas gerais de aposentadoria e depois os Estados v\u00e3o legislar sobre quest\u00f5es espec\u00edficas.<\/p>\n<p>Em rela\u00e7\u00e3o \u00e0s reivindica\u00e7\u00f5es de flexibiliza\u00e7\u00e3o na aposentadoria das outras carreiras militares, como a Pol\u00edcia Federal, o l\u00edder disse foi feito um esfor\u00e7o para atend\u00ea-los, mas n\u00e3o foi poss\u00edvel. Ele ressaltou que talvez seja poss\u00edvel que isso ocorra em outro momento. \u201cNo momento da vota\u00e7\u00e3o infelizmente n\u00e3o foi poss\u00edvel encontrar as expectativas com as possibilidades. Isso n\u00e3o que dizer que isso n\u00e3o v\u00e1 agora no plen\u00e1rio, ou em outro momento. N\u00e3o \u00e9 defender privil\u00e9gios\u201d.<\/p>\n<p>Ontem, a comiss\u00e3o especial da C\u00e2mara aprovou o relat\u00f3rio da reforma da Previd\u00eancia e rejeitou por 31 votos a 17, a mudan\u00e7a nas regras de aposentadoria para agentes de seguran\u00e7a. Pelo texto aprovado, policiais federais, rodovi\u00e1rios federais e legislativos se aposentar\u00e3o aos 55 anos de idade, com 30 anos de contribui\u00e7\u00e3o e 25 anos de exerc\u00edcio efetivo na carreira, independentemente de distin\u00e7\u00e3o de sexo.<\/p>\n<h2>Comemora\u00e7\u00e3o Militar<\/h2>\n<p>Bolsonaro participou nesta manh\u00e3 da comemora\u00e7\u00e3o dos 196 anos da cria\u00e7\u00e3o do Batalh\u00e3o do Imperador e 59 anos de sua transfer\u00eancia para a capital federal. D. Pedro I criou o Batalh\u00e3o do Imperador em janeiro de 1823 com a finalidade de consolidar a independ\u00eancia do Brasil e apaziguar revoltosos.<\/p>\n<p>Com a transfer\u00eancia da capital federal para Bras\u00edlia, em 1960, a unidade veio para o Planalto Central e passou a ter o nome de Batalh\u00e3o da Guarda Presidencial.<\/p>\n<h2>Seguran\u00e7a<\/h2>\n<p>Ao ouvir de jornalista o questionamento se a Pol\u00edcia Federal poderia ser mais qualificada para cuidar da seguran\u00e7a do presidente da Rep\u00fablica, Bolsonaro respondeu que confia totalmente no Gabinete de Seguran\u00e7a Institucional.<\/p>\n<p>\u201cMe sinto muito seguro, tranquilo. N\u00e3o existe seguran\u00e7a 100% infal\u00edvel, temos not\u00edcia que qualquer presidente sofre, vez ou outra, um tipo ou outro de atentado, mas confio 100% no general Heleno \u00e0 frente do GSI\u201d, respondeu.<\/p>\n<h2>Final da Copa Am\u00e9rica<\/h2>\n<p>O presidente disse que pretende ir ao Maracan\u00e3 no pr\u00f3ximo domingo (7) assistir ao jogo final da Copa Am\u00e9rica entre Brasil e Peru e tem a inten\u00e7\u00e3o de ir ao gramado com o ministro da Justi\u00e7a, S\u00e9rgio Moro. \u201cIrei com S\u00e9rgio Moro junto ao gramado e o povo vai dizer se estamos certos ou n\u00e3o\u201d.<\/p>\n<p>&nbsp;<\/p>\n<div class=\"dnd-widget-wrapper context-cheio_8colunas type-image\">\n<div class=\"dnd-atom-rendered\">\n<figure class=\"mejs-fotov-wrapper\"><img decoding=\"async\" class=\"img-responsive full full\" title=\"Ag\u00eancia Brasil\" src=\"http:\/\/imagens.ebc.com.br\/NsgSr9bbXSDg_M-oOAlAttcF6ts=\/754x0\/smart\/http:\/\/agenciabrasil.ebc.com.br\/sites\/default\/files\/thumbnails\/image\/info_previdencia_02_1.png?itok=PXz1qM81\" alt=\"Infogr\u00e1fico Previd\u00eancia julho 2019\" \/><\/figure>\n<\/div>\n<div class=\"dnd-caption-wrapper\">\n<div class=\"meta\">Infogr\u00e1fico Previd\u00eancia julho 2019 &#8211;\u00a0<strong>Ag\u00eancia Brasil<\/strong><\/div>\n<\/div>\n<\/div>\n<p>&nbsp;<\/p>\n<p>Fonte: Ag\u00eancia Brasil<\/p>\n","protected":false},"excerpt":{"rendered":"<p>O presidente Jair Bolsonaro ao comentar hoje (5) a aprova\u00e7\u00e3o do relat\u00f3rio da reforma da Previd\u00eancia (PEC 6\/19) na comiss\u00e3o especial da C\u00e2mara, disse que o governo fez sua parte e que \u00e9 poss\u00edvel corrigir no plen\u00e1rio \u201cposs\u00edveis equ\u00edvocos\u201d. \u201cFizemos nossa parte. Entramos com o projeto, agora, o governo n\u00e3o \u00e9 absoluto, n\u00e3o \u00e9 infal\u00edvel, [&hellip;]<\/p>\n","protected":false},"author":96,"featured_media":143265,"comment_status":"closed","ping_status":"closed","sticky":false,"template":"","format":"standard","meta":{"footnotes":""},"categories":[436,254,439],"tags":[],"class_list":["post-143264","post","type-post","status-publish","format-standard","has-post-thumbnail","hentry","category-destaque-da-semana","category-politica","category-ultima-hora"],"_links":{"self":[{"href":"https:\/\/diarioregionaldigital.com.br\/index.php?rest_route=\/wp\/v2\/posts\/143264","targetHints":{"allow":["GET"]}}],"collection":[{"href":"https:\/\/diarioregionaldigital.com.br\/index.php?rest_route=\/wp\/v2\/posts"}],"about":[{"href":"https:\/\/diarioregionaldigital.com.br\/index.php?rest_route=\/wp\/v2\/types\/post"}],"author":[{"embeddable":true,"href":"https:\/\/diarioregionaldigital.com.br\/index.php?rest_route=\/wp\/v2\/users\/96"}],"replies":[{"embeddable":true,"href":"https:\/\/diarioregionaldigital.com.br\/index.php?rest_route=%2Fwp%2Fv2%2Fcomments&post=143264"}],"version-history":[{"count":0,"href":"https:\/\/diarioregionaldigital.com.br\/index.php?rest_route=\/wp\/v2\/posts\/143264\/revisions"}],"wp:featuredmedia":[{"embeddable":true,"href":"https:\/\/diarioregionaldigital.com.br\/index.php?rest_route=\/wp\/v2\/media\/143265"}],"wp:attachment":[{"href":"https:\/\/diarioregionaldigital.com.br\/index.php?rest_route=%2Fwp%2Fv2%2Fmedia&parent=143264"}],"wp:term":[{"taxonomy":"category","embeddable":true,"href":"https:\/\/diarioregionaldigital.com.br\/index.php?rest_route=%2Fwp%2Fv2%2Fcategories&post=143264"},{"taxonomy":"post_tag","embeddable":true,"href":"https:\/\/diarioregionaldigital.com.br\/index.php?rest_route=%2Fwp%2Fv2%2Ftags&post=143264"}],"curies":[{"name":"wp","href":"https:\/\/api.w.org\/{rel}","templated":true}]}}