{"id":143259,"date":"2019-07-05T14:48:07","date_gmt":"2019-07-05T17:48:07","guid":{"rendered":"https:\/\/diarioregionaldigital.com.br\/?p=143259"},"modified":"2019-07-05T14:48:07","modified_gmt":"2019-07-05T17:48:07","slug":"confianca-do-empresario-cai-17-de-maio-para-junho-aponta-cnc","status":"publish","type":"post","link":"https:\/\/diarioregionaldigital.com.br\/?p=143259","title":{"rendered":"Confian\u00e7a do empres\u00e1rio cai 1,7% de maio para junho, aponta CNC"},"content":{"rendered":"<p>O \u00cdndice de Confian\u00e7a do Empres\u00e1rio do Com\u00e9rcio (Icec), medido pela Confedera\u00e7\u00e3o Nacional do Com\u00e9rcio de Bens, Servi\u00e7os e Turismo (CNC), recuou 1,7% na passagem de maio para junho e chegou a 118,3 pontos, em uma escala de zero a 200 pontos. Na compara\u00e7\u00e3o com junho do ano passado, o indicador avan\u00e7ou 8,5%.<\/p>\n<p>Na passagem de maio para junho, a queda foi puxada principalmente pela piora das avalia\u00e7\u00f5es sobre as condi\u00e7\u00f5es atuais, que recuaram 5,1%. A avalia\u00e7\u00e3o sobre o momento atual da economia caiu 8,5%.<\/p>\n<p>Tanto as expectativas do empresariado em rela\u00e7\u00e3o ao futuro quanto as inten\u00e7\u00f5es de investimento recuaram de forma mais moderada, em 0,5%.<\/p>\n<p>Na compara\u00e7\u00e3o com junho do ano passado, as avalia\u00e7\u00f5es sobre as condi\u00e7\u00f5es atuais cresceram 12,8%. As expectativas subiram 7,2% e as inten\u00e7\u00f5es de investimento, 6,9%.<\/p>\n<p>Fonte: Ag\u00eancia Brasil<\/p>\n","protected":false},"excerpt":{"rendered":"<p>O \u00cdndice de Confian\u00e7a do Empres\u00e1rio do Com\u00e9rcio (Icec), medido pela Confedera\u00e7\u00e3o Nacional do Com\u00e9rcio de Bens, Servi\u00e7os e Turismo (CNC), recuou 1,7% na passagem de maio para junho e chegou a 118,3 pontos, em uma escala de zero a 200 pontos. Na compara\u00e7\u00e3o com junho do ano passado, o indicador avan\u00e7ou 8,5%. Na passagem [&hellip;]<\/p>\n","protected":false},"author":96,"featured_media":105072,"comment_status":"closed","ping_status":"closed","sticky":false,"template":"","format":"standard","meta":{"footnotes":""},"categories":[436,261,439],"tags":[],"class_list":["post-143259","post","type-post","status-publish","format-standard","has-post-thumbnail","hentry","category-destaque-da-semana","category-economia","category-ultima-hora"],"_links":{"self":[{"href":"https:\/\/diarioregionaldigital.com.br\/index.php?rest_route=\/wp\/v2\/posts\/143259","targetHints":{"allow":["GET"]}}],"collection":[{"href":"https:\/\/diarioregionaldigital.com.br\/index.php?rest_route=\/wp\/v2\/posts"}],"about":[{"href":"https:\/\/diarioregionaldigital.com.br\/index.php?rest_route=\/wp\/v2\/types\/post"}],"author":[{"embeddable":true,"href":"https:\/\/diarioregionaldigital.com.br\/index.php?rest_route=\/wp\/v2\/users\/96"}],"replies":[{"embeddable":true,"href":"https:\/\/diarioregionaldigital.com.br\/index.php?rest_route=%2Fwp%2Fv2%2Fcomments&post=143259"}],"version-history":[{"count":0,"href":"https:\/\/diarioregionaldigital.com.br\/index.php?rest_route=\/wp\/v2\/posts\/143259\/revisions"}],"wp:featuredmedia":[{"embeddable":true,"href":"https:\/\/diarioregionaldigital.com.br\/index.php?rest_route=\/wp\/v2\/media\/105072"}],"wp:attachment":[{"href":"https:\/\/diarioregionaldigital.com.br\/index.php?rest_route=%2Fwp%2Fv2%2Fmedia&parent=143259"}],"wp:term":[{"taxonomy":"category","embeddable":true,"href":"https:\/\/diarioregionaldigital.com.br\/index.php?rest_route=%2Fwp%2Fv2%2Fcategories&post=143259"},{"taxonomy":"post_tag","embeddable":true,"href":"https:\/\/diarioregionaldigital.com.br\/index.php?rest_route=%2Fwp%2Fv2%2Ftags&post=143259"}],"curies":[{"name":"wp","href":"https:\/\/api.w.org\/{rel}","templated":true}]}}