{"id":143253,"date":"2019-07-05T11:49:36","date_gmt":"2019-07-05T14:49:36","guid":{"rendered":"https:\/\/diarioregionaldigital.com.br\/?p=143253"},"modified":"2019-07-05T11:49:36","modified_gmt":"2019-07-05T14:49:36","slug":"inflacao-para-familias-com-renda-mais-baixa-cai-para-007-em-junho","status":"publish","type":"post","link":"https:\/\/diarioregionaldigital.com.br\/?p=143253","title":{"rendered":"Infla\u00e7\u00e3o para fam\u00edlias com renda mais baixa cai para 0,07% em junho"},"content":{"rendered":"<p>O \u00cdndice de Pre\u00e7os ao Consumidor \u2013 Classe 1 (IPC-C1), que calcula a varia\u00e7\u00e3o de pre\u00e7os da cesta de compras de fam\u00edlias com renda at\u00e9 2,5 sal\u00e1rios m\u00ednimos, registrou infla\u00e7\u00e3o de 0,07% em junho deste ano. A taxa ficou abaixo\u00a0do 0,26% de maio. Segundo a Funda\u00e7\u00e3o Getulio Vargas (FGV), o indicador acumula taxas de 2,72% no ano e de 3,85% nos \u00faltimos 12 meses.<\/p>\n<p>Apesar da queda de maio para junho, o IPC-C1 de junho ficou acima do \u00cdndice de Pre\u00e7os ao Consumidor \u2013 Brasil (IPC-BR), que mede a infla\u00e7\u00e3o para todas as faixas de renda. O IPC-BR teve defla\u00e7\u00e3o (queda de pre\u00e7os) de 0,02% em junho. Em 12 meses, o IPC-BR acumula infla\u00e7\u00e3o de 3,73%.<\/p>\n<p>Em junho, quatro das oito classes de despesas que comp\u00f5em o IPC-C1 tiveram queda da taxa de maio para junho: habita\u00e7\u00e3o (de 0,79% em maio para -0,24% em junho), transportes (de 0,28% para -0,38%), sa\u00fade e cuidados pessoais (de 0,75% para 0,31%) e despesas diversas (de 0,08% para -0,23%).<\/p>\n<p>Por outro lado, tiveram alta de maio para junho os grupos educa\u00e7\u00e3o, leitura e recrea\u00e7\u00e3o (de 0,03% para 0,78%), alimenta\u00e7\u00e3o (de -0,26% para -0,16%), vestu\u00e1rio (de 0,13% para 0,60%) e comunica\u00e7\u00e3o (de -0,12% para 0,07%).<\/p>\n<p>Fonte: Ag\u00eancia Brasil<\/p>\n","protected":false},"excerpt":{"rendered":"<p>O \u00cdndice de Pre\u00e7os ao Consumidor \u2013 Classe 1 (IPC-C1), que calcula a varia\u00e7\u00e3o de pre\u00e7os da cesta de compras de fam\u00edlias com renda at\u00e9 2,5 sal\u00e1rios m\u00ednimos, registrou infla\u00e7\u00e3o de 0,07% em junho deste ano. A taxa ficou abaixo\u00a0do 0,26% de maio. Segundo a Funda\u00e7\u00e3o Getulio Vargas (FGV), o indicador acumula taxas de 2,72% [&hellip;]<\/p>\n","protected":false},"author":96,"featured_media":143254,"comment_status":"closed","ping_status":"closed","sticky":false,"template":"","format":"standard","meta":{"footnotes":""},"categories":[436,261,439],"tags":[],"class_list":["post-143253","post","type-post","status-publish","format-standard","has-post-thumbnail","hentry","category-destaque-da-semana","category-economia","category-ultima-hora"],"_links":{"self":[{"href":"https:\/\/diarioregionaldigital.com.br\/index.php?rest_route=\/wp\/v2\/posts\/143253","targetHints":{"allow":["GET"]}}],"collection":[{"href":"https:\/\/diarioregionaldigital.com.br\/index.php?rest_route=\/wp\/v2\/posts"}],"about":[{"href":"https:\/\/diarioregionaldigital.com.br\/index.php?rest_route=\/wp\/v2\/types\/post"}],"author":[{"embeddable":true,"href":"https:\/\/diarioregionaldigital.com.br\/index.php?rest_route=\/wp\/v2\/users\/96"}],"replies":[{"embeddable":true,"href":"https:\/\/diarioregionaldigital.com.br\/index.php?rest_route=%2Fwp%2Fv2%2Fcomments&post=143253"}],"version-history":[{"count":0,"href":"https:\/\/diarioregionaldigital.com.br\/index.php?rest_route=\/wp\/v2\/posts\/143253\/revisions"}],"wp:featuredmedia":[{"embeddable":true,"href":"https:\/\/diarioregionaldigital.com.br\/index.php?rest_route=\/wp\/v2\/media\/143254"}],"wp:attachment":[{"href":"https:\/\/diarioregionaldigital.com.br\/index.php?rest_route=%2Fwp%2Fv2%2Fmedia&parent=143253"}],"wp:term":[{"taxonomy":"category","embeddable":true,"href":"https:\/\/diarioregionaldigital.com.br\/index.php?rest_route=%2Fwp%2Fv2%2Fcategories&post=143253"},{"taxonomy":"post_tag","embeddable":true,"href":"https:\/\/diarioregionaldigital.com.br\/index.php?rest_route=%2Fwp%2Fv2%2Ftags&post=143253"}],"curies":[{"name":"wp","href":"https:\/\/api.w.org\/{rel}","templated":true}]}}