{"id":143250,"date":"2019-07-05T10:47:01","date_gmt":"2019-07-05T13:47:01","guid":{"rendered":"https:\/\/diarioregionaldigital.com.br\/?p=143250"},"modified":"2019-07-05T10:47:01","modified_gmt":"2019-07-05T13:47:01","slug":"acordo-com-ue-ja-traz-impacto-positivo-diz-chanceler","status":"publish","type":"post","link":"https:\/\/diarioregionaldigital.com.br\/?p=143250","title":{"rendered":"Acordo com UE j\u00e1 traz impacto positivo, diz chanceler"},"content":{"rendered":"<p>O ministro das Rela\u00e7\u00f5es Exteriores, Ernesto Ara\u00fajo, afirmou que o acordo comercial entre Mercosul e Uni\u00e3o Europeia, anunciado na semana passada, j\u00e1 come\u00e7a a produzir resultados positivos, apesar de ainda precisar ser ratificado por cada um dos 32 pa\u00edses envolvidos.<\/p>\n<p>&#8220;Mesmo antes da entrada em vigor do acordo, que deve levar algum tempo, j\u00e1 estamos come\u00e7ando a detectar impacto muito positivo em termos de atra\u00e7\u00e3o de investimentos. Os investidores j\u00e1 enxergam o Brasil de uma maneira completamente diferente e j\u00e1 v\u00e3o come\u00e7ar a se posicionar aqui em fun\u00e7\u00e3o desse acesso preferencial que n\u00f3s ganhamos ao mercado europeu&#8221;, afirmou o chanceler\u00a0ontem\u00a0(4), durante live semanal com o presidente Jair Bolsonaro no Facebook.<\/p>\n<div class=\"dnd-widget-wrapper context-cheio_8colunas type-image\">\n<div class=\"dnd-atom-rendered\">\n<figure class=\"mejs-fotoh-wrapper\"><img decoding=\"async\" class=\"img-responsive full full\" title=\"Marcelo Camargo\/Ag\u00eancia Brasil\" src=\"http:\/\/imagens.ebc.com.br\/RFDj7-NTLZVjRG-VaZDYMz6KUWE=\/754x0\/smart\/http:\/\/agenciabrasil.ebc.com.br\/sites\/default\/files\/thumbnails\/image\/mcmgo_abr_020720195092df.jpg?itok=PjmyQqgg\" alt=\"O ministro das Rela\u00e7\u00f5es Exteriores, Ernesto Ara\u00fajo, durante entrevista coletiva para apresentar detalhes do acordo Mercosul-Uni\u00e3o Europeia. \" \/><\/figure>\n<\/div>\n<div class=\"dnd-caption-wrapper\">\n<div class=\"meta\">O ministro das Rela\u00e7\u00f5es Exteriores, Ernesto Ara\u00fajo, disse que os exportadores brasileiros obter\u00e3o amplia\u00e7\u00e3o do acesso, por meio de quotas, para carnes, a\u00e7\u00facar e etanol, entre outros produtos.-\u00a0<strong>Marcelo Camargo\/Ag\u00eancia Brasil<\/strong><\/div>\n<\/div>\n<\/div>\n<p>O ministro disse tamb\u00e9m que pretende acelerar a vig\u00eancia do acordo, pelo lado brasileiro, assim que ele for aprovado pelo Congresso Nacional.<\/p>\n<p>&#8220;Vamos tentar que, dentro do Mercosul, a gente tenha um arranjo para que possa entrar em vigor assim que for aprovado em cada um dos parlamentos do bloco. Do lado da Uni\u00e3o Europeia n\u00e3o \u00e9 poss\u00edvel essa entrada individual, mas do nosso lado \u00e9 poss\u00edvel, vamos trabalhar para que isso possa ser feito dessa maneira, para que essas vantagens comecem a resultar o mais rapidamente poss\u00edvel&#8221;, acrescentou.<\/p>\n<p>O acordo cobre temas tanto tarif\u00e1rios quanto de natureza regulat\u00f3ria, como servi\u00e7os, compras governamentais, facilita\u00e7\u00e3o de com\u00e9rcio, barreiras t\u00e9cnicas, medidas sanit\u00e1rias e fitossanit\u00e1rias e propriedade intelectual. Segundo os termos anunciados, produtos agr\u00edcolas de grande interesse do Brasil ter\u00e3o suas tarifas eliminadas, como suco de laranja, frutas e caf\u00e9 sol\u00favel. Os exportadores brasileiros obter\u00e3o amplia\u00e7\u00e3o do acesso, por meio de quotas, para carnes, a\u00e7\u00facar e etanol, entre outros produtos. O acordo tamb\u00e9m reconhecer\u00e1 como distintivos do Brasil v\u00e1rios produtos, como cacha\u00e7as, queijos, vinhos e caf\u00e9s.<\/p>\n<p>As empresas do pa\u00eds ser\u00e3o beneficiadas com a elimina\u00e7\u00e3o de tarifas na exporta\u00e7\u00e3o de 100% dos produtos industriais. A ind\u00fastria europeia tamb\u00e9m ter\u00e1 as tarifas eliminadas para vendas ao Mercosul, mas de forma escalonada ao longo dos anos. O acordo garantir\u00e1 ainda acesso efetivo em diversos segmentos de servi\u00e7os, como comunica\u00e7\u00e3o, constru\u00e7\u00e3o, distribui\u00e7\u00e3o, turismo, transportes e servi\u00e7os profissionais e financeiros. Em compras p\u00fablicas, empresas brasileiras obter\u00e3o acesso ao mercado de licita\u00e7\u00f5es da Uni\u00e3o Europeia, estimado em US$ 1,6 trilh\u00e3o. Os compromissos assumidos tamb\u00e9m v\u00e3o agilizar e reduzir os custos dos tr\u00e2mites de importa\u00e7\u00e3o, exporta\u00e7\u00e3o e tr\u00e2nsito de bens, segundo o governo federal.<\/p>\n<p>Fonte: Ag\u00eancia Brasil<\/p>\n","protected":false},"excerpt":{"rendered":"<p>O ministro das Rela\u00e7\u00f5es Exteriores, Ernesto Ara\u00fajo, afirmou que o acordo comercial entre Mercosul e Uni\u00e3o Europeia, anunciado na semana passada, j\u00e1 come\u00e7a a produzir resultados positivos, apesar de ainda precisar ser ratificado por cada um dos 32 pa\u00edses envolvidos. &#8220;Mesmo antes da entrada em vigor do acordo, que deve levar algum tempo, j\u00e1 estamos [&hellip;]<\/p>\n","protected":false},"author":96,"featured_media":143251,"comment_status":"closed","ping_status":"closed","sticky":false,"template":"","format":"standard","meta":{"footnotes":""},"categories":[302,436,439],"tags":[],"class_list":["post-143250","post","type-post","status-publish","format-standard","has-post-thumbnail","hentry","category-brasil-mundo","category-destaque-da-semana","category-ultima-hora"],"_links":{"self":[{"href":"https:\/\/diarioregionaldigital.com.br\/index.php?rest_route=\/wp\/v2\/posts\/143250","targetHints":{"allow":["GET"]}}],"collection":[{"href":"https:\/\/diarioregionaldigital.com.br\/index.php?rest_route=\/wp\/v2\/posts"}],"about":[{"href":"https:\/\/diarioregionaldigital.com.br\/index.php?rest_route=\/wp\/v2\/types\/post"}],"author":[{"embeddable":true,"href":"https:\/\/diarioregionaldigital.com.br\/index.php?rest_route=\/wp\/v2\/users\/96"}],"replies":[{"embeddable":true,"href":"https:\/\/diarioregionaldigital.com.br\/index.php?rest_route=%2Fwp%2Fv2%2Fcomments&post=143250"}],"version-history":[{"count":0,"href":"https:\/\/diarioregionaldigital.com.br\/index.php?rest_route=\/wp\/v2\/posts\/143250\/revisions"}],"wp:featuredmedia":[{"embeddable":true,"href":"https:\/\/diarioregionaldigital.com.br\/index.php?rest_route=\/wp\/v2\/media\/143251"}],"wp:attachment":[{"href":"https:\/\/diarioregionaldigital.com.br\/index.php?rest_route=%2Fwp%2Fv2%2Fmedia&parent=143250"}],"wp:term":[{"taxonomy":"category","embeddable":true,"href":"https:\/\/diarioregionaldigital.com.br\/index.php?rest_route=%2Fwp%2Fv2%2Fcategories&post=143250"},{"taxonomy":"post_tag","embeddable":true,"href":"https:\/\/diarioregionaldigital.com.br\/index.php?rest_route=%2Fwp%2Fv2%2Ftags&post=143250"}],"curies":[{"name":"wp","href":"https:\/\/api.w.org\/{rel}","templated":true}]}}