{"id":143247,"date":"2019-07-05T10:44:19","date_gmt":"2019-07-05T13:44:19","guid":{"rendered":"https:\/\/diarioregionaldigital.com.br\/?p=143247"},"modified":"2019-07-05T10:44:19","modified_gmt":"2019-07-05T13:44:19","slug":"trump-para-americanos-nada-e-impossivel","status":"publish","type":"post","link":"https:\/\/diarioregionaldigital.com.br\/?p=143247","title":{"rendered":"Trump: &#8220;Para americanos, nada \u00e9 imposs\u00edvel&#8221;"},"content":{"rendered":"<p>O presidente dos Estados Unidos (EUA), Donald Trump, afirmou nessa quinta-feira (4) que &#8220;o pa\u00eds nunca esteve t\u00e3o forte&#8221;, elogiou o poder das for\u00e7as militares norte-americanas e disse que os EUA v\u00e3o colocar uma bandeira em Marte em breve. As afirma\u00e7\u00f5es foram feitas em discurso para comemorar o Dia da Independ\u00eancia &#8211; 4 de julho de 1776. O Dia da Independ\u00eancia \u00e9 comemorado anualmente pelos norte-americanos, com marchas e fogos de artif\u00edcio.<\/p>\n<p>Este ano, no entanto, o feriado nacional assumiu dimens\u00e3o diferente: Trump decidiu organizar uma parada militar, com tanques, avi\u00f5es de combate e helic\u00f3pteros, inspirado pela parada a que assistiu por ocasi\u00e3o do Dia da Bastilha, na Fran\u00e7a.<\/p>\n<p>A comemora\u00e7\u00e3o encontrou resist\u00eancia \u2013 os opositores argumentaram que o evento gerou despesas com o dinheiro dos contribuintes. Para o candidato presidencial democrata Juli\u00e1n Castro, \u00e9 um desperd\u00edcio de dinheiro, que poderia ser usado para atender aos veteranos de guerra sem abrigos, por exemplo.<\/p>\n<p>Em seu discurso, Trump destacou a for\u00e7a dos EUA, afirmando que a na\u00e7\u00e3o \u00e9 mais forte hoje do que antes e que &#8220;para os americanos, nada \u00e9 imposs\u00edvel&#8221;. Acrescentou que foi o esp\u00edrito, a ousadia e for\u00e7a, excel\u00eancia e aventura, coragem e confian\u00e7a, lealdade e o amor que tornaram o pa\u00eds o mais excepcional da hist\u00f3ria mundial.<\/p>\n<p>Trump prestou ainda homenagem \u00e0s For\u00e7as Armadas norte-americanas. &#8220;Durante mais de 65 anos, nenhuma for\u00e7a \u00e1rea inimiga conseguiu matar um \u00fanico soldado americano. Porque o c\u00e9u pertence \u00e0 Am\u00e9rica&#8221;, afirmou, em frente ao Lincoln Memorial.<\/p>\n<p>O presidente prometeu que as conquistas norte-americanas no espa\u00e7o est\u00e3o no futuro do pa\u00eds. &#8220;H\u00e1 exatamente 50 anos, o mundo assistiu com admira\u00e7\u00e3o aos astronautas da miss\u00e3o Apollo 11, que foram ao espa\u00e7o. N\u00f3s vamos outra vez \u00e0 Lua em breve e colocaremos a bandeira dos Estados Unidos em Marte&#8221;.<\/p>\n<p>Fonte: Ag\u00eancia Brasil<\/p>\n","protected":false},"excerpt":{"rendered":"<p>O presidente dos Estados Unidos (EUA), Donald Trump, afirmou nessa quinta-feira (4) que &#8220;o pa\u00eds nunca esteve t\u00e3o forte&#8221;, elogiou o poder das for\u00e7as militares norte-americanas e disse que os EUA v\u00e3o colocar uma bandeira em Marte em breve. As afirma\u00e7\u00f5es foram feitas em discurso para comemorar o Dia da Independ\u00eancia &#8211; 4 de julho [&hellip;]<\/p>\n","protected":false},"author":96,"featured_media":143248,"comment_status":"closed","ping_status":"closed","sticky":false,"template":"","format":"standard","meta":{"footnotes":""},"categories":[302,436,439],"tags":[],"class_list":["post-143247","post","type-post","status-publish","format-standard","has-post-thumbnail","hentry","category-brasil-mundo","category-destaque-da-semana","category-ultima-hora"],"_links":{"self":[{"href":"https:\/\/diarioregionaldigital.com.br\/index.php?rest_route=\/wp\/v2\/posts\/143247","targetHints":{"allow":["GET"]}}],"collection":[{"href":"https:\/\/diarioregionaldigital.com.br\/index.php?rest_route=\/wp\/v2\/posts"}],"about":[{"href":"https:\/\/diarioregionaldigital.com.br\/index.php?rest_route=\/wp\/v2\/types\/post"}],"author":[{"embeddable":true,"href":"https:\/\/diarioregionaldigital.com.br\/index.php?rest_route=\/wp\/v2\/users\/96"}],"replies":[{"embeddable":true,"href":"https:\/\/diarioregionaldigital.com.br\/index.php?rest_route=%2Fwp%2Fv2%2Fcomments&post=143247"}],"version-history":[{"count":0,"href":"https:\/\/diarioregionaldigital.com.br\/index.php?rest_route=\/wp\/v2\/posts\/143247\/revisions"}],"wp:featuredmedia":[{"embeddable":true,"href":"https:\/\/diarioregionaldigital.com.br\/index.php?rest_route=\/wp\/v2\/media\/143248"}],"wp:attachment":[{"href":"https:\/\/diarioregionaldigital.com.br\/index.php?rest_route=%2Fwp%2Fv2%2Fmedia&parent=143247"}],"wp:term":[{"taxonomy":"category","embeddable":true,"href":"https:\/\/diarioregionaldigital.com.br\/index.php?rest_route=%2Fwp%2Fv2%2Fcategories&post=143247"},{"taxonomy":"post_tag","embeddable":true,"href":"https:\/\/diarioregionaldigital.com.br\/index.php?rest_route=%2Fwp%2Fv2%2Ftags&post=143247"}],"curies":[{"name":"wp","href":"https:\/\/api.w.org\/{rel}","templated":true}]}}