{"id":143244,"date":"2019-07-05T10:42:03","date_gmt":"2019-07-05T13:42:03","guid":{"rendered":"https:\/\/diarioregionaldigital.com.br\/?p=143244"},"modified":"2019-07-05T10:42:03","modified_gmt":"2019-07-05T13:42:03","slug":"em-live-bolsonaro-revela-que-trabalhou-na-infancia","status":"publish","type":"post","link":"https:\/\/diarioregionaldigital.com.br\/?p=143244","title":{"rendered":"Em live, Bolsonaro revela que trabalhou na inf\u00e2ncia"},"content":{"rendered":"<p>O presidente Jair Bolsonaro afirmou nesta quinta-feira\u00a0(4), durante sua live semanal no Facebook, que trabalhou numa fazenda, no interior de S\u00e3o Paulo, durante a inf\u00e2ncia. Segundo o presidente, na \u00e9poca seu pai administrava uma propriedade na regi\u00e3o de Eldorado Paulista, no Vale do Ribeira, onde ele e os irm\u00e3os faziam trabalhos na lavoura.<\/p>\n<p>&#8220;Eu, com 9, 10 anos de idade, quebrava milho na planta\u00e7\u00e3o e quatro ou cinco dias depois, com sol, voc\u00ea ia colher o milho. Olha s\u00f3, trabalhando com 9, 10 anos de idade, na fazenda, n\u00e3o fui prejudicado em nada&#8221;, disse. Para o presidente, o trabalho n\u00e3o &#8220;atrapalha a vida de ningu\u00e9m&#8221;.<\/p>\n<p>&#8220;Quando um moleque de 9 ou 10 anos vai trabalhar em algum lugar, t\u00e1 cheio de gente a\u00ed: &#8216;trabalho escravo, n\u00e3o sei o qu\u00ea, trabalho infantil&#8230;&#8217;. Agora, quando t\u00e1 fumando um paralelep\u00edpedo de crack, ningu\u00e9m fala nada. Ent\u00e3o, o trabalho n\u00e3o atrapalha a vida de ningu\u00e9m&#8221;, acrescentou.<\/p>\n<p>Em seguida, o presidente negou qualquer iniciativa para regulamentar o trabalho infantil, que \u00e9 proibido no pa\u00eds. &#8220;Fique tranquilo que eu n\u00e3o vou apresentar nenhum projeto aqui para descriminalizar o trabalho infantil, porque eu seria massacrado, mas quero dizer que eu, meu irm\u00e3o mais velho, uma irm\u00e3 minha tamb\u00e9m, um pouco mais nova, com essa idade, 8, 9, 10, 12 anos de idade, trabalh\u00e1vamos na fazenda, trabalho duro&#8221;.<\/p>\n<p>A legisla\u00e7\u00e3o brasileira atual pro\u00edbe trabalho para menores de 16 anos no pa\u00eds, exceto na condi\u00e7\u00e3o de aprendiz, que s\u00f3 pode ser exercida a partir dos 14 anos.<\/p>\n<p>Bolsonaro criticou tamb\u00e9m o excesso de direitos e poucos deveres, que prejudica, na opini\u00e3o dele, o desenvolvimento da juventude. &#8220;Hoje em dia \u00e9 tanto direito, tanta prote\u00e7\u00e3o, que tem uma juventude a\u00ed que uma parte consider\u00e1vel n\u00e3o est\u00e1 na linha reta&#8221;.<\/p>\n<p>Fonte: Ag\u00eancia Brasil<\/p>\n","protected":false},"excerpt":{"rendered":"<p>O presidente Jair Bolsonaro afirmou nesta quinta-feira\u00a0(4), durante sua live semanal no Facebook, que trabalhou numa fazenda, no interior de S\u00e3o Paulo, durante a inf\u00e2ncia. Segundo o presidente, na \u00e9poca seu pai administrava uma propriedade na regi\u00e3o de Eldorado Paulista, no Vale do Ribeira, onde ele e os irm\u00e3os faziam trabalhos na lavoura. &#8220;Eu, com [&hellip;]<\/p>\n","protected":false},"author":96,"featured_media":143245,"comment_status":"closed","ping_status":"closed","sticky":false,"template":"","format":"standard","meta":{"footnotes":""},"categories":[436,254,439],"tags":[],"class_list":["post-143244","post","type-post","status-publish","format-standard","has-post-thumbnail","hentry","category-destaque-da-semana","category-politica","category-ultima-hora"],"_links":{"self":[{"href":"https:\/\/diarioregionaldigital.com.br\/index.php?rest_route=\/wp\/v2\/posts\/143244","targetHints":{"allow":["GET"]}}],"collection":[{"href":"https:\/\/diarioregionaldigital.com.br\/index.php?rest_route=\/wp\/v2\/posts"}],"about":[{"href":"https:\/\/diarioregionaldigital.com.br\/index.php?rest_route=\/wp\/v2\/types\/post"}],"author":[{"embeddable":true,"href":"https:\/\/diarioregionaldigital.com.br\/index.php?rest_route=\/wp\/v2\/users\/96"}],"replies":[{"embeddable":true,"href":"https:\/\/diarioregionaldigital.com.br\/index.php?rest_route=%2Fwp%2Fv2%2Fcomments&post=143244"}],"version-history":[{"count":0,"href":"https:\/\/diarioregionaldigital.com.br\/index.php?rest_route=\/wp\/v2\/posts\/143244\/revisions"}],"wp:featuredmedia":[{"embeddable":true,"href":"https:\/\/diarioregionaldigital.com.br\/index.php?rest_route=\/wp\/v2\/media\/143245"}],"wp:attachment":[{"href":"https:\/\/diarioregionaldigital.com.br\/index.php?rest_route=%2Fwp%2Fv2%2Fmedia&parent=143244"}],"wp:term":[{"taxonomy":"category","embeddable":true,"href":"https:\/\/diarioregionaldigital.com.br\/index.php?rest_route=%2Fwp%2Fv2%2Fcategories&post=143244"},{"taxonomy":"post_tag","embeddable":true,"href":"https:\/\/diarioregionaldigital.com.br\/index.php?rest_route=%2Fwp%2Fv2%2Ftags&post=143244"}],"curies":[{"name":"wp","href":"https:\/\/api.w.org\/{rel}","templated":true}]}}