{"id":143241,"date":"2019-07-05T10:39:10","date_gmt":"2019-07-05T13:39:10","guid":{"rendered":"https:\/\/diarioregionaldigital.com.br\/?p=143241"},"modified":"2019-07-05T10:39:10","modified_gmt":"2019-07-05T13:39:10","slug":"plenario-comeca-a-discutir-reforma-da-previdencia-na-terca-diz-maia","status":"publish","type":"post","link":"https:\/\/diarioregionaldigital.com.br\/?p=143241","title":{"rendered":"Plen\u00e1rio come\u00e7a a discutir reforma da Previd\u00eancia na ter\u00e7a, diz Maia"},"content":{"rendered":"<p>O presidente da C\u00e2mara dos Deputados, Rodrigo Maia (DEM-RJ), comemorou a aprova\u00e7\u00e3o, nesta quinta-feira (4), do relat\u00f3rio da reforma da Previd\u00eancia (PEC 6\/19) pela comiss\u00e3o especial da Casa que analisa mudan\u00e7a nas regras de aposentadoria dos trabalhadores.<\/p>\n<p>\u201cA C\u00e2mara deu hoje um importante passo. Esta foi a nossa primeira vit\u00f3ria e, a partir da pr\u00f3xima semana, vamos trabalhar para aprovar o texto em plen\u00e1rio, com muito di\u00e1logo, ouvindo todos os nossos deputados, construindo maioria\u201d, disse Maia, pelo Twitter.<\/p>\n<p>Segundo a previs\u00e3o de Maia, o texto j\u00e1 come\u00e7a a ser discutido pelo plen\u00e1rio na pr\u00f3xima ter\u00e7a-feira (9) e deve ser votado antes recesso parlamentar, que se inicia no dia 18 deste m\u00eas. Para o texto come\u00e7ar a ser debatido no plen\u00e1rio, o regimento da C\u00e2mara estabelece um prazo de duas sess\u00f5es ap\u00f3s a conclus\u00e3o da vota\u00e7\u00e3o na comiss\u00e3o especial.<\/p>\n<p>Maia\u00a0avalia que j\u00e1 tem votos necess\u00e1rios para aprovar a reforma no plen\u00e1rio. A expectativa do parlamentar \u00e9 que a medida seja aprovada por pouco mais de 325 deputados.<\/p>\n<p>Com a aprova\u00e7\u00e3o na comiss\u00e3o especial, a proposta seguir\u00e1 para o plen\u00e1rio da C\u00e2mara. Por se tratar de uma proposta de emenda \u00e0 Constitui\u00e7\u00e3o (PEC), o texto precisa ser aprovado por tr\u00eas quintos dos deputados, o correspondente a 308 votos favor\u00e1veis, em dois turnos de vota\u00e7\u00e3o.<\/p>\n<p>Aprovado pelos deputados, o texto segue para aprecia\u00e7\u00e3o do Senado \u2013 onde tamb\u00e9m deve ser apreciado em dois turnos e depende da aprova\u00e7\u00e3o de, pelo menos, 49 senadores.<\/p>\n<h2>Destaques<\/h2>\n<p>Neste momento, os parlamentares continuam com a apreciar as sugest\u00f5es de modifica\u00e7\u00f5es ao texto do relator da proposta na comiss\u00e3o especial, Samuel Moreira (PSDB-SP). Ao todo, foram propostos 17 destaques de bancada e 88 individuais com sugest\u00f5es de mudan\u00e7as ao texto-base. A comiss\u00e3o, no entanto, n\u00e3o apreciar\u00e1 as propostas individuais. J\u00e1 as propostas de bancadas ser\u00e3o analisadas uma por uma.<\/p>\n<p>At\u00e9 o momento, apenas uma sugest\u00e3o foi acatada pelos parlamentares. Os deputados aprovaram, por unanimidade, a retirada da aplica\u00e7\u00e3o a policiais militares e bombeiros militares das regras de transfer\u00eancia para inatividade e pens\u00e3o por morte dos militares das For\u00e7as Armadas, at\u00e9 que uma lei complementar local defina essas regras. O texto exclui ainda a possibilidade de que lei estadual estabele\u00e7a al\u00edquota e base de c\u00e1lculo de contribui\u00e7\u00e3o previdenci\u00e1ria para policiais e bombeiros militares.<\/p>\n<p>Entre as propostas mais pol\u00eamicas de altera\u00e7\u00e3o ao texto, os congressistas\u00a0rejeitarama mudan\u00e7a das regras de agentes de seguran\u00e7a e professores.<\/p>\n<h2>Relat\u00f3rio<\/h2>\n<p>Segundo o relator Samuel Moreira, o impacto fiscal corresponder\u00e1 a R$ 1,074 trilh\u00e3o no per\u00edodo de 10 anos.<\/p>\n<p>A estimativa inclui a redu\u00e7\u00e3o de despesas de R$ 933,9 bilh\u00f5es e aumento de receitas (por meio de alta de tributos e fim de isen\u00e7\u00f5es) de R$ 137,4 bilh\u00f5es. A proposta original, enviada pelo governo em fevereiro, previa uma economia de R$ 1,236 trilh\u00e3o em uma d\u00e9cada, mas n\u00e3o inclu\u00eda eleva\u00e7\u00e3o de receitas.<\/p>\n<div class=\"dnd-widget-wrapper context-cheio_8colunas type-image\">\n<div class=\"dnd-atom-rendered\">\n<figure class=\"mejs-fotov-wrapper\"><img decoding=\"async\" class=\"img-responsive full full\" title=\"EBC\" src=\"http:\/\/imagens.ebc.com.br\/RJ2dqCZRtwgo_MOxepwrcB6C49g=\/754x0\/smart\/http:\/\/agenciabrasil.ebc.com.br\/sites\/default\/files\/thumbnails\/image\/2019_05_07_tramitacaoprevidenciacamara_dd.png?itok=1xyGcjUg\" alt=\"tramita\u00e7\u00e3o reforma da Previd\u00eancia na C\u00e2mara\" \/><\/figure>\n<\/div>\n<div class=\"dnd-caption-wrapper\">\n<div class=\"meta\">tramita\u00e7\u00e3o reforma da Previd\u00eancia na C\u00e2mara &#8211;\u00a0<strong>EBC<\/strong><\/div>\n<\/div>\n<\/div>\n<p>Fonte: Ag\u00eancia Brasil<\/p>\n","protected":false},"excerpt":{"rendered":"<p>O presidente da C\u00e2mara dos Deputados, Rodrigo Maia (DEM-RJ), comemorou a aprova\u00e7\u00e3o, nesta quinta-feira (4), do relat\u00f3rio da reforma da Previd\u00eancia (PEC 6\/19) pela comiss\u00e3o especial da Casa que analisa mudan\u00e7a nas regras de aposentadoria dos trabalhadores. \u201cA C\u00e2mara deu hoje um importante passo. Esta foi a nossa primeira vit\u00f3ria e, a partir da pr\u00f3xima [&hellip;]<\/p>\n","protected":false},"author":96,"featured_media":143242,"comment_status":"closed","ping_status":"closed","sticky":false,"template":"","format":"standard","meta":{"footnotes":""},"categories":[436,254,439],"tags":[],"class_list":["post-143241","post","type-post","status-publish","format-standard","has-post-thumbnail","hentry","category-destaque-da-semana","category-politica","category-ultima-hora"],"_links":{"self":[{"href":"https:\/\/diarioregionaldigital.com.br\/index.php?rest_route=\/wp\/v2\/posts\/143241","targetHints":{"allow":["GET"]}}],"collection":[{"href":"https:\/\/diarioregionaldigital.com.br\/index.php?rest_route=\/wp\/v2\/posts"}],"about":[{"href":"https:\/\/diarioregionaldigital.com.br\/index.php?rest_route=\/wp\/v2\/types\/post"}],"author":[{"embeddable":true,"href":"https:\/\/diarioregionaldigital.com.br\/index.php?rest_route=\/wp\/v2\/users\/96"}],"replies":[{"embeddable":true,"href":"https:\/\/diarioregionaldigital.com.br\/index.php?rest_route=%2Fwp%2Fv2%2Fcomments&post=143241"}],"version-history":[{"count":0,"href":"https:\/\/diarioregionaldigital.com.br\/index.php?rest_route=\/wp\/v2\/posts\/143241\/revisions"}],"wp:featuredmedia":[{"embeddable":true,"href":"https:\/\/diarioregionaldigital.com.br\/index.php?rest_route=\/wp\/v2\/media\/143242"}],"wp:attachment":[{"href":"https:\/\/diarioregionaldigital.com.br\/index.php?rest_route=%2Fwp%2Fv2%2Fmedia&parent=143241"}],"wp:term":[{"taxonomy":"category","embeddable":true,"href":"https:\/\/diarioregionaldigital.com.br\/index.php?rest_route=%2Fwp%2Fv2%2Fcategories&post=143241"},{"taxonomy":"post_tag","embeddable":true,"href":"https:\/\/diarioregionaldigital.com.br\/index.php?rest_route=%2Fwp%2Fv2%2Ftags&post=143241"}],"curies":[{"name":"wp","href":"https:\/\/api.w.org\/{rel}","templated":true}]}}