{"id":143229,"date":"2019-07-05T02:02:57","date_gmt":"2019-07-05T05:02:57","guid":{"rendered":"https:\/\/diarioregionaldigital.com.br\/?p=143229"},"modified":"2019-11-30T06:00:48","modified_gmt":"2019-11-30T08:00:48","slug":"in-moda-13","status":"publish","type":"post","link":"https:\/\/diarioregionaldigital.com.br\/?p=143229","title":{"rendered":"In Moda"},"content":{"rendered":"<p style=\"text-align: center\">CLICK IN MODA<br \/>\nO click da semana \u00e9 de Ana Paula Calixto com look Apo\u00e1, por Cacau Chaim, revendedora exclusiva da marca na regi\u00e3o. A produ\u00e7\u00e3o foi composta tamb\u00e9m por Schutz e a beleza assinada por Equipe Jael Pifano. O registro foi feito pelo talentoso Maxwell Costa.<\/p>\n<p>\u00a0<a href=\"https:\/\/diarioregionaldigital.com.br\/wp-content\/uploads\/2019\/07\/diario-pagina-07-10.pdf\">Clique aqui para ler a coluna completa!<\/a><\/p>\n","protected":false},"excerpt":{"rendered":"<p>CLICK IN MODA O click da semana \u00e9 de Ana Paula Calixto com look Apo\u00e1, por Cacau Chaim, revendedora exclusiva da marca na regi\u00e3o. A produ\u00e7\u00e3o foi composta tamb\u00e9m por Schutz e a beleza assinada por Equipe Jael Pifano. O registro foi feito pelo talentoso Maxwell Costa. \u00a0Clique aqui para ler a coluna completa!<\/p>\n","protected":false},"author":96,"featured_media":143237,"comment_status":"closed","ping_status":"closed","sticky":false,"template":"","format":"standard","meta":{"footnotes":""},"categories":[285],"tags":[],"class_list":["post-143229","post","type-post","status-publish","format-standard","has-post-thumbnail","hentry","category-moda-ana-paula-calixto"],"_links":{"self":[{"href":"https:\/\/diarioregionaldigital.com.br\/index.php?rest_route=\/wp\/v2\/posts\/143229","targetHints":{"allow":["GET"]}}],"collection":[{"href":"https:\/\/diarioregionaldigital.com.br\/index.php?rest_route=\/wp\/v2\/posts"}],"about":[{"href":"https:\/\/diarioregionaldigital.com.br\/index.php?rest_route=\/wp\/v2\/types\/post"}],"author":[{"embeddable":true,"href":"https:\/\/diarioregionaldigital.com.br\/index.php?rest_route=\/wp\/v2\/users\/96"}],"replies":[{"embeddable":true,"href":"https:\/\/diarioregionaldigital.com.br\/index.php?rest_route=%2Fwp%2Fv2%2Fcomments&post=143229"}],"version-history":[{"count":0,"href":"https:\/\/diarioregionaldigital.com.br\/index.php?rest_route=\/wp\/v2\/posts\/143229\/revisions"}],"wp:featuredmedia":[{"embeddable":true,"href":"https:\/\/diarioregionaldigital.com.br\/index.php?rest_route=\/wp\/v2\/media\/143237"}],"wp:attachment":[{"href":"https:\/\/diarioregionaldigital.com.br\/index.php?rest_route=%2Fwp%2Fv2%2Fmedia&parent=143229"}],"wp:term":[{"taxonomy":"category","embeddable":true,"href":"https:\/\/diarioregionaldigital.com.br\/index.php?rest_route=%2Fwp%2Fv2%2Fcategories&post=143229"},{"taxonomy":"post_tag","embeddable":true,"href":"https:\/\/diarioregionaldigital.com.br\/index.php?rest_route=%2Fwp%2Fv2%2Ftags&post=143229"}],"curies":[{"name":"wp","href":"https:\/\/api.w.org\/{rel}","templated":true}]}}