{"id":143224,"date":"2019-07-05T01:46:46","date_gmt":"2019-07-05T04:46:46","guid":{"rendered":"https:\/\/diarioregionaldigital.com.br\/?p=143224"},"modified":"2019-11-30T06:00:37","modified_gmt":"2019-11-30T08:00:37","slug":"in-moda-12","status":"publish","type":"post","link":"https:\/\/diarioregionaldigital.com.br\/?p=143224","title":{"rendered":"In Moda"},"content":{"rendered":"<p style=\"text-align: center\">TRENDS: Gola Alta<\/p>\n<p style=\"text-align: center\">Os dias mais frios do outono est\u00e3o chegando de fininho e \u00e9 hora de tirar a gola<br \/>\nalta do arm\u00e1rio! Al\u00e9m de nos aquecer nesse inverno, o modelo garante produ\u00e7\u00f5es para l\u00e1 de estilosas e \u00e9 uma das grandes apostas do inverno 2019!<\/p>\n<p><a href=\"https:\/\/diarioregionaldigital.com.br\/wp-content\/uploads\/2019\/07\/diario-pagina-07-9-1.pdf\" target=\"_blank\" rel=\"noopener\">Clique aqui para ler a coluna completa!<\/a><\/p>\n","protected":false},"excerpt":{"rendered":"<p>TRENDS: Gola Alta Os dias mais frios do outono est\u00e3o chegando de fininho e \u00e9 hora de tirar a gola alta do arm\u00e1rio! Al\u00e9m de nos aquecer nesse inverno, o modelo garante produ\u00e7\u00f5es para l\u00e1 de estilosas e \u00e9 uma das grandes apostas do inverno 2019! Clique aqui para ler a coluna completa!<\/p>\n","protected":false},"author":96,"featured_media":143226,"comment_status":"closed","ping_status":"closed","sticky":false,"template":"","format":"standard","meta":{"footnotes":""},"categories":[285],"tags":[],"class_list":["post-143224","post","type-post","status-publish","format-standard","has-post-thumbnail","hentry","category-moda-ana-paula-calixto"],"_links":{"self":[{"href":"https:\/\/diarioregionaldigital.com.br\/index.php?rest_route=\/wp\/v2\/posts\/143224","targetHints":{"allow":["GET"]}}],"collection":[{"href":"https:\/\/diarioregionaldigital.com.br\/index.php?rest_route=\/wp\/v2\/posts"}],"about":[{"href":"https:\/\/diarioregionaldigital.com.br\/index.php?rest_route=\/wp\/v2\/types\/post"}],"author":[{"embeddable":true,"href":"https:\/\/diarioregionaldigital.com.br\/index.php?rest_route=\/wp\/v2\/users\/96"}],"replies":[{"embeddable":true,"href":"https:\/\/diarioregionaldigital.com.br\/index.php?rest_route=%2Fwp%2Fv2%2Fcomments&post=143224"}],"version-history":[{"count":0,"href":"https:\/\/diarioregionaldigital.com.br\/index.php?rest_route=\/wp\/v2\/posts\/143224\/revisions"}],"wp:featuredmedia":[{"embeddable":true,"href":"https:\/\/diarioregionaldigital.com.br\/index.php?rest_route=\/wp\/v2\/media\/143226"}],"wp:attachment":[{"href":"https:\/\/diarioregionaldigital.com.br\/index.php?rest_route=%2Fwp%2Fv2%2Fmedia&parent=143224"}],"wp:term":[{"taxonomy":"category","embeddable":true,"href":"https:\/\/diarioregionaldigital.com.br\/index.php?rest_route=%2Fwp%2Fv2%2Fcategories&post=143224"},{"taxonomy":"post_tag","embeddable":true,"href":"https:\/\/diarioregionaldigital.com.br\/index.php?rest_route=%2Fwp%2Fv2%2Ftags&post=143224"}],"curies":[{"name":"wp","href":"https:\/\/api.w.org\/{rel}","templated":true}]}}