{"id":143216,"date":"2019-07-05T01:24:43","date_gmt":"2019-07-05T04:24:43","guid":{"rendered":"https:\/\/diarioregionaldigital.com.br\/?p=143216"},"modified":"2019-11-30T06:00:30","modified_gmt":"2019-11-30T08:00:30","slug":"in-moda-11","status":"publish","type":"post","link":"https:\/\/diarioregionaldigital.com.br\/?p=143216","title":{"rendered":"In Moda"},"content":{"rendered":"<p style=\"text-align: center\"><span style=\"font-size: 36pt\">DIA DAS M\u00c3ES<\/span><\/p>\n<p>O dia das m\u00e3es tamb\u00e9m \u00e9 especial para as<br \/>\nmarcas que normalmente desenvolvem parcerias ou cole\u00e7\u00f5es especiais, deixando sempre mais f\u00e1cil a escolha dos presentes, mas<br \/>\nse voc\u00ea deixa tudo para ultima hora, vamos temostrar algumas marcas que podem te ajudar.<\/p>\n<p>&nbsp;<\/p>\n<p><a href=\"https:\/\/diarioregionaldigital.com.br\/wp-content\/uploads\/2019\/07\/diario-pagina-07-7.pdf\" target=\"_blank\" rel=\"noopener\">Clique aqui para ler a coluna completa!<\/a><\/p>\n","protected":false},"excerpt":{"rendered":"<p>DIA DAS M\u00c3ES O dia das m\u00e3es tamb\u00e9m \u00e9 especial para as marcas que normalmente desenvolvem parcerias ou cole\u00e7\u00f5es especiais, deixando sempre mais f\u00e1cil a escolha dos presentes, mas se voc\u00ea deixa tudo para ultima hora, vamos temostrar algumas marcas que podem te ajudar. &nbsp; Clique aqui para ler a coluna completa!<\/p>\n","protected":false},"author":96,"featured_media":143219,"comment_status":"closed","ping_status":"closed","sticky":false,"template":"","format":"standard","meta":{"footnotes":""},"categories":[285],"tags":[],"class_list":["post-143216","post","type-post","status-publish","format-standard","has-post-thumbnail","hentry","category-moda-ana-paula-calixto"],"_links":{"self":[{"href":"https:\/\/diarioregionaldigital.com.br\/index.php?rest_route=\/wp\/v2\/posts\/143216","targetHints":{"allow":["GET"]}}],"collection":[{"href":"https:\/\/diarioregionaldigital.com.br\/index.php?rest_route=\/wp\/v2\/posts"}],"about":[{"href":"https:\/\/diarioregionaldigital.com.br\/index.php?rest_route=\/wp\/v2\/types\/post"}],"author":[{"embeddable":true,"href":"https:\/\/diarioregionaldigital.com.br\/index.php?rest_route=\/wp\/v2\/users\/96"}],"replies":[{"embeddable":true,"href":"https:\/\/diarioregionaldigital.com.br\/index.php?rest_route=%2Fwp%2Fv2%2Fcomments&post=143216"}],"version-history":[{"count":0,"href":"https:\/\/diarioregionaldigital.com.br\/index.php?rest_route=\/wp\/v2\/posts\/143216\/revisions"}],"wp:featuredmedia":[{"embeddable":true,"href":"https:\/\/diarioregionaldigital.com.br\/index.php?rest_route=\/wp\/v2\/media\/143219"}],"wp:attachment":[{"href":"https:\/\/diarioregionaldigital.com.br\/index.php?rest_route=%2Fwp%2Fv2%2Fmedia&parent=143216"}],"wp:term":[{"taxonomy":"category","embeddable":true,"href":"https:\/\/diarioregionaldigital.com.br\/index.php?rest_route=%2Fwp%2Fv2%2Fcategories&post=143216"},{"taxonomy":"post_tag","embeddable":true,"href":"https:\/\/diarioregionaldigital.com.br\/index.php?rest_route=%2Fwp%2Fv2%2Ftags&post=143216"}],"curies":[{"name":"wp","href":"https:\/\/api.w.org\/{rel}","templated":true}]}}