{"id":143210,"date":"2019-07-05T01:14:33","date_gmt":"2019-07-05T04:14:33","guid":{"rendered":"https:\/\/diarioregionaldigital.com.br\/?p=143210"},"modified":"2019-11-30T06:00:24","modified_gmt":"2019-11-30T08:00:24","slug":"in-moda-10","status":"publish","type":"post","link":"https:\/\/diarioregionaldigital.com.br\/?p=143210","title":{"rendered":"In Moda"},"content":{"rendered":"<p><span style=\"font-size: 36pt\">#ComQueRoupa: Dia Das M\u00e3es\u00a0<\/span><\/p>\n<p style=\"text-align: center\">\nO Dia das M\u00e3es est\u00e1 chegando! E essa data<br \/>\nt\u00e3o especial tamb\u00e9m \u00e9 dia de festa! E a escolha da roupa merece dedica\u00e7\u00e3o total. Esse<br \/>\n\u00e9 o tema do #ComQueRoupa dessa semana para Vert Boutique: o almo\u00e7o do Dia das<br \/>\nM\u00e3es.<\/p>\n<p><a href=\"https:\/\/diarioregionaldigital.com.br\/wp-content\/uploads\/2019\/07\/diario-pagina-07-6.pdf\" target=\"_blank\" rel=\"noopener\">Clique aqui para ler a coluna completa!<\/a><\/p>\n","protected":false},"excerpt":{"rendered":"<p>#ComQueRoupa: Dia Das M\u00e3es\u00a0 O Dia das M\u00e3es est\u00e1 chegando! E essa data t\u00e3o especial tamb\u00e9m \u00e9 dia de festa! E a escolha da roupa merece dedica\u00e7\u00e3o total. Esse \u00e9 o tema do #ComQueRoupa dessa semana para Vert Boutique: o almo\u00e7o do Dia das M\u00e3es. Clique aqui para ler a coluna completa!<\/p>\n","protected":false},"author":96,"featured_media":143212,"comment_status":"closed","ping_status":"closed","sticky":false,"template":"","format":"standard","meta":{"footnotes":""},"categories":[285],"tags":[],"class_list":["post-143210","post","type-post","status-publish","format-standard","has-post-thumbnail","hentry","category-moda-ana-paula-calixto"],"_links":{"self":[{"href":"https:\/\/diarioregionaldigital.com.br\/index.php?rest_route=\/wp\/v2\/posts\/143210","targetHints":{"allow":["GET"]}}],"collection":[{"href":"https:\/\/diarioregionaldigital.com.br\/index.php?rest_route=\/wp\/v2\/posts"}],"about":[{"href":"https:\/\/diarioregionaldigital.com.br\/index.php?rest_route=\/wp\/v2\/types\/post"}],"author":[{"embeddable":true,"href":"https:\/\/diarioregionaldigital.com.br\/index.php?rest_route=\/wp\/v2\/users\/96"}],"replies":[{"embeddable":true,"href":"https:\/\/diarioregionaldigital.com.br\/index.php?rest_route=%2Fwp%2Fv2%2Fcomments&post=143210"}],"version-history":[{"count":0,"href":"https:\/\/diarioregionaldigital.com.br\/index.php?rest_route=\/wp\/v2\/posts\/143210\/revisions"}],"wp:featuredmedia":[{"embeddable":true,"href":"https:\/\/diarioregionaldigital.com.br\/index.php?rest_route=\/wp\/v2\/media\/143212"}],"wp:attachment":[{"href":"https:\/\/diarioregionaldigital.com.br\/index.php?rest_route=%2Fwp%2Fv2%2Fmedia&parent=143210"}],"wp:term":[{"taxonomy":"category","embeddable":true,"href":"https:\/\/diarioregionaldigital.com.br\/index.php?rest_route=%2Fwp%2Fv2%2Fcategories&post=143210"},{"taxonomy":"post_tag","embeddable":true,"href":"https:\/\/diarioregionaldigital.com.br\/index.php?rest_route=%2Fwp%2Fv2%2Ftags&post=143210"}],"curies":[{"name":"wp","href":"https:\/\/api.w.org\/{rel}","templated":true}]}}