{"id":143197,"date":"2019-07-05T06:00:15","date_gmt":"2019-07-05T09:00:15","guid":{"rendered":"https:\/\/diarioregionaldigital.com.br\/?p=143197"},"modified":"2019-07-04T20:07:15","modified_gmt":"2019-07-04T23:07:15","slug":"143197","status":"publish","type":"post","link":"https:\/\/diarioregionaldigital.com.br\/?p=143197","title":{"rendered":"Talentosas"},"content":{"rendered":"<p style=\"text-align: center;\"><strong>Solidariedade<\/strong><\/p>\n<p style=\"text-align: center;\">Com o Teatro Paschoal Carlos Magno todo iluminado, as volunt\u00e1rias e a presidente da APAE, Helena Milagres Belo, promoveram a bonita noite beneficente, onde o referencial foi a degusta\u00e7\u00e3o de tortas e sorteios. Para o tom musical foi convocada as bandas Tributo Santo e Veraluz, do Coral Filad\u00e9lfia e Cristiane Ferr e banda.<\/p>\n<p style=\"text-align: center;\"><strong>Palmas para ele<\/strong><\/p>\n<p style=\"text-align: center;\">Talentoso e carism\u00e1tico, o jogador juiz-forano L\u00e9o Santana arrasa literalmente. Campe\u00e3o do Grand Prix pela sele\u00e7\u00e3o brasileira de futsal e da Liga Espanhola pelo Barcelona ele \u00e9 o novo embaixador do Projeto Segue o jogo \u2013 direcionado para crian\u00e7as e adolescentes da cidade JF \u2013 do Instituto Albert Sabin.<\/p>\n<p style=\"text-align: center;\"><strong>Caf\u00e9 Filos\u00f3fico<\/strong><\/p>\n<p style=\"text-align: center;\">Com o tema \u201cVaidade das vaidades. Tudo \u00e9 vaidade! O problema existencial \u00e0 luz da B\u00edblia: o livro do Eclesiastes\u201d, o prof de Filosofia da UFJF, Dr. Juarez Gomes Sofiste, faz palestra dentro do Caf\u00e9 Filos\u00f3fico da UFJF, no s\u00e1bado (06), \u00e0s 10h, no Espa\u00e7o Excalibur. A coordena\u00e7\u00e3o \u00e9 de Juber Pac\u00edfico.<\/p>\n<p style=\"text-align: center;\"><strong>Sucesso<\/strong><\/p>\n<p style=\"text-align: center;\">Al\u00e7ado a novo talento da m\u00fasica jovem, Lil Nas X, o rapper de apenas 20 anos, que estava desempregado at\u00e9 dezembro, soma milh\u00f5es de cliques misturando os universos urbanos do rap e rural m\u00fasica country, al\u00e9m de muita ironia. A m\u00fasica Old Town Road lidera as paradas de sucesso h\u00e1 tr\u00eas meses.<\/p>\n<p style=\"text-align: center;\"><strong>Talentosa<\/strong><\/p>\n<p style=\"text-align: center;\">Com sua conceituada habilidade como presidente do Lact\u00e1rio S\u00e3o Jos\u00e9, a bonita jovem Ana Teresa Dias Albino Destro de Macedo convida para sua formatura em medicina pela UFJF, no dia 27 de julho, com Missa em A\u00e7\u00e3o de Gra\u00e7as, \u00e0s 19h, e jantar dan\u00e7ante \u00e0s 20h. Ambos no C\u00edrculo Militar.<\/p>\n<div id=\"attachment_143173\" style=\"width: 690px\" class=\"wp-caption aligncenter\"><img loading=\"lazy\" decoding=\"async\" aria-describedby=\"caption-attachment-143173\" class=\"wp-image-143173\" src=\"https:\/\/diarioregionaldigital.com.br\/wp-content\/uploads\/2019\/07\/fotocc-e1562280615859.jpg\" alt=\"\" width=\"680\" height=\"532\" srcset=\"https:\/\/diarioregionaldigital.com.br\/wp-content\/uploads\/2019\/07\/fotocc-e1562280615859.jpg 960w, https:\/\/diarioregionaldigital.com.br\/wp-content\/uploads\/2019\/07\/fotocc-e1562280615859-300x235.jpg 300w, https:\/\/diarioregionaldigital.com.br\/wp-content\/uploads\/2019\/07\/fotocc-e1562280615859-768x601.jpg 768w, https:\/\/diarioregionaldigital.com.br\/wp-content\/uploads\/2019\/07\/fotocc-e1562280615859-360x282.jpg 360w\" sizes=\"auto, (max-width: 680px) 100vw, 680px\" \/><p id=\"caption-attachment-143173\" class=\"wp-caption-text\">Aniversariantes de destaque da semana, as panteras Erika Beire e Dani Verpel<\/p><\/div>\n<div id=\"attachment_143166\" style=\"width: 690px\" class=\"wp-caption aligncenter\"><img loading=\"lazy\" decoding=\"async\" aria-describedby=\"caption-attachment-143166\" class=\"wp-image-143166\" src=\"https:\/\/diarioregionaldigital.com.br\/wp-content\/uploads\/2019\/07\/fotoa-3-e1562280460525.jpg\" alt=\"\" width=\"680\" height=\"520\" srcset=\"https:\/\/diarioregionaldigital.com.br\/wp-content\/uploads\/2019\/07\/fotoa-3-e1562280460525.jpg 1176w, https:\/\/diarioregionaldigital.com.br\/wp-content\/uploads\/2019\/07\/fotoa-3-e1562280460525-300x229.jpg 300w, https:\/\/diarioregionaldigital.com.br\/wp-content\/uploads\/2019\/07\/fotoa-3-e1562280460525-768x587.jpg 768w, https:\/\/diarioregionaldigital.com.br\/wp-content\/uploads\/2019\/07\/fotoa-3-e1562280460525-1024x783.jpg 1024w, https:\/\/diarioregionaldigital.com.br\/wp-content\/uploads\/2019\/07\/fotoa-3-e1562280460525-360x275.jpg 360w\" sizes=\"auto, (max-width: 680px) 100vw, 680px\" \/><p id=\"caption-attachment-143166\" class=\"wp-caption-text\">Festejando anivers\u00e1rio duplo no Bacco, os belos Gustavo Lucas e Roberta Cruz<\/p><\/div>\n<div id=\"attachment_143159\" style=\"width: 690px\" class=\"wp-caption aligncenter\"><img loading=\"lazy\" decoding=\"async\" aria-describedby=\"caption-attachment-143159\" class=\"wp-image-143159\" src=\"https:\/\/diarioregionaldigital.com.br\/wp-content\/uploads\/2019\/07\/fotol-1.jpg\" alt=\"\" width=\"680\" height=\"463\" srcset=\"https:\/\/diarioregionaldigital.com.br\/wp-content\/uploads\/2019\/07\/fotol-1.jpg 1726w, https:\/\/diarioregionaldigital.com.br\/wp-content\/uploads\/2019\/07\/fotol-1-300x204.jpg 300w, https:\/\/diarioregionaldigital.com.br\/wp-content\/uploads\/2019\/07\/fotol-1-768x523.jpg 768w, https:\/\/diarioregionaldigital.com.br\/wp-content\/uploads\/2019\/07\/fotol-1-1024x698.jpg 1024w, https:\/\/diarioregionaldigital.com.br\/wp-content\/uploads\/2019\/07\/fotol-1-360x245.jpg 360w\" sizes=\"auto, (max-width: 680px) 100vw, 680px\" \/><p id=\"caption-attachment-143159\" class=\"wp-caption-text\">Em Ub\u00e1 (MG), no Harmonize Centro Est\u00e9tico, as campe\u00e3s em beleza, Amanda Arthur e Dilce Barreto<\/p><\/div>\n<div id=\"attachment_143168\" style=\"width: 690px\" class=\"wp-caption aligncenter\"><img loading=\"lazy\" decoding=\"async\" aria-describedby=\"caption-attachment-143168\" class=\"wp-image-143168\" src=\"https:\/\/diarioregionaldigital.com.br\/wp-content\/uploads\/2019\/07\/fotoaa-1-e1562280505116.jpg\" alt=\"\" width=\"680\" height=\"530\" srcset=\"https:\/\/diarioregionaldigital.com.br\/wp-content\/uploads\/2019\/07\/fotoaa-1-e1562280505116.jpg 640w, https:\/\/diarioregionaldigital.com.br\/wp-content\/uploads\/2019\/07\/fotoaa-1-e1562280505116-300x234.jpg 300w, https:\/\/diarioregionaldigital.com.br\/wp-content\/uploads\/2019\/07\/fotoaa-1-e1562280505116-360x281.jpg 360w\" sizes=\"auto, (max-width: 680px) 100vw, 680px\" \/><p id=\"caption-attachment-143168\" class=\"wp-caption-text\">Na Festa Diferentona em Itaperuna (ES), os lindos e antenados, Apuila Pezarino, Rafael Lopes, J\u00fanio Martins e Jonas Freire<\/p><\/div>\n<div id=\"attachment_143194\" style=\"width: 690px\" class=\"wp-caption aligncenter\"><img loading=\"lazy\" decoding=\"async\" aria-describedby=\"caption-attachment-143194\" class=\"wp-image-143194\" src=\"https:\/\/diarioregionaldigital.com.br\/wp-content\/uploads\/2019\/07\/fotoj-2.jpg\" alt=\"\" width=\"680\" height=\"455\" srcset=\"https:\/\/diarioregionaldigital.com.br\/wp-content\/uploads\/2019\/07\/fotoj-2.jpg 1758w, https:\/\/diarioregionaldigital.com.br\/wp-content\/uploads\/2019\/07\/fotoj-2-300x201.jpg 300w, https:\/\/diarioregionaldigital.com.br\/wp-content\/uploads\/2019\/07\/fotoj-2-768x514.jpg 768w, https:\/\/diarioregionaldigital.com.br\/wp-content\/uploads\/2019\/07\/fotoj-2-1024x685.jpg 1024w, https:\/\/diarioregionaldigital.com.br\/wp-content\/uploads\/2019\/07\/fotoj-2-360x241.jpg 360w\" sizes=\"auto, (max-width: 680px) 100vw, 680px\" \/><p id=\"caption-attachment-143194\" class=\"wp-caption-text\">No Five Training\/BH, Marcus e Rick Vidal com o psiquiatra de JF, H\u00e9lio Fadel<\/p><\/div>\n<div id=\"attachment_143179\" style=\"width: 690px\" class=\"wp-caption aligncenter\"><img loading=\"lazy\" decoding=\"async\" aria-describedby=\"caption-attachment-143179\" class=\"wp-image-143179\" src=\"https:\/\/diarioregionaldigital.com.br\/wp-content\/uploads\/2019\/07\/fotoi-3.jpg\" alt=\"\" width=\"680\" height=\"449\" srcset=\"https:\/\/diarioregionaldigital.com.br\/wp-content\/uploads\/2019\/07\/fotoi-3.jpg 1764w, https:\/\/diarioregionaldigital.com.br\/wp-content\/uploads\/2019\/07\/fotoi-3-300x198.jpg 300w, https:\/\/diarioregionaldigital.com.br\/wp-content\/uploads\/2019\/07\/fotoi-3-768x507.jpg 768w, https:\/\/diarioregionaldigital.com.br\/wp-content\/uploads\/2019\/07\/fotoi-3-1024x676.jpg 1024w, https:\/\/diarioregionaldigital.com.br\/wp-content\/uploads\/2019\/07\/fotoi-3-1440x950.jpg 1440w, https:\/\/diarioregionaldigital.com.br\/wp-content\/uploads\/2019\/07\/fotoi-3-360x238.jpg 360w\" sizes=\"auto, (max-width: 680px) 100vw, 680px\" \/><p id=\"caption-attachment-143179\" class=\"wp-caption-text\">No auge de seus 22 anos, a linda Larissa Carmelita reverencia a natureza<\/p><\/div>\n<div id=\"attachment_143164\" style=\"width: 690px\" class=\"wp-caption aligncenter\"><img loading=\"lazy\" decoding=\"async\" aria-describedby=\"caption-attachment-143164\" class=\"wp-image-143164\" src=\"https:\/\/diarioregionaldigital.com.br\/wp-content\/uploads\/2019\/07\/fotom-e1562280482727.jpg\" alt=\"\" width=\"680\" height=\"522\" srcset=\"https:\/\/diarioregionaldigital.com.br\/wp-content\/uploads\/2019\/07\/fotom-e1562280482727.jpg 1170w, https:\/\/diarioregionaldigital.com.br\/wp-content\/uploads\/2019\/07\/fotom-e1562280482727-300x231.jpg 300w, https:\/\/diarioregionaldigital.com.br\/wp-content\/uploads\/2019\/07\/fotom-e1562280482727-768x590.jpg 768w, https:\/\/diarioregionaldigital.com.br\/wp-content\/uploads\/2019\/07\/fotom-e1562280482727-1024x787.jpg 1024w, https:\/\/diarioregionaldigital.com.br\/wp-content\/uploads\/2019\/07\/fotom-e1562280482727-360x277.jpg 360w\" sizes=\"auto, (max-width: 680px) 100vw, 680px\" \/><p id=\"caption-attachment-143164\" class=\"wp-caption-text\">Surgindo em Juiz de Fora um novo e talentoso artista pl\u00e1stico, Wesley Rocher Monteiro<\/p><\/div>\n<div id=\"attachment_143170\" style=\"width: 690px\" class=\"wp-caption aligncenter\"><img loading=\"lazy\" decoding=\"async\" aria-describedby=\"caption-attachment-143170\" class=\"wp-image-143170\" src=\"https:\/\/diarioregionaldigital.com.br\/wp-content\/uploads\/2019\/07\/fotobb-e1562280582774.jpg\" alt=\"\" width=\"680\" height=\"489\" srcset=\"https:\/\/diarioregionaldigital.com.br\/wp-content\/uploads\/2019\/07\/fotobb-e1562280582774.jpg 626w, https:\/\/diarioregionaldigital.com.br\/wp-content\/uploads\/2019\/07\/fotobb-e1562280582774-300x216.jpg 300w, https:\/\/diarioregionaldigital.com.br\/wp-content\/uploads\/2019\/07\/fotobb-e1562280582774-360x259.jpg 360w\" sizes=\"auto, (max-width: 680px) 100vw, 680px\" \/><p id=\"caption-attachment-143170\" class=\"wp-caption-text\">O luxo desta pe\u00e7a da loja Obsess\u00e3o, by Nilza Venuto, com pedras Olho de Tigre e Madrep\u00e9rolas, \u00e9 destaque hoje nesta p\u00e1gina<\/p><\/div>\n<p style=\"text-align: center;\"><strong>FOTOSS\u00cdNTESE<\/strong><\/p>\n<p>Em parceria com a Uninter, a Master Coach Saula Maria dar\u00e1 uma palestra gratuita sobre Gest\u00e3o Inteligente do Tempo na pr\u00f3xima segunda-feira, 8 de julho, \u00e0s 18h30. O evento ser\u00e1 no Polo Centro, localizado na Galeria Constan\u00e7a Valadares, 1\u00ba andar.<\/p>\n<p>Aten\u00e7\u00e3o: a partir do segundo semestre, o Estado vai retomar o ensino integral em 11 escolas.<\/p>\n<p>Dentro da conjuntura e mercados, a Zona da Mata \u00e9 considerada exemplo na produ\u00e7\u00e3o org\u00e2nica de alimentos no Brasil.<\/p>\n<p>Muita gente bonita circulou na festa \u201cTardezinha\u201d, no Hotel Green Hill. Por l\u00e1, Nonato Jr. e Michelle Perensini, J\u00falio Medrado e Suelen Marisa e o lateral biguense Danilo, do Manchester.<\/p>\n<p>Colocando todos os pingos nos is a cidade mineira de Cataguases concorre ao t\u00edtulo da Unesco de Cidade Criativa, ao lado de Belo Horizonte, Fortaleza e Aracaju.<\/p>\n<p>Procurando agulha no palheiro, o Tupi sub-20 deu uma pausa no Campeonato Mineiro da categoria conquistando nova vit\u00f3ria na primeira fase da competi\u00e7\u00e3o com oito triunfos em 12 jogos da categoria.<\/p>\n<p>Dentre os aniversariantes da semana, a simp\u00e1tica jornalista Vera Hotz Marangon.<\/p>\n<p>Abrindo os guarda-chuvas do tempo, est\u00e1 bel\u00edssima a cole\u00e7\u00e3o masculina inverno da M.Marques. A sutileza das roupas veste este colunista, Alex Martins, Jorge Modesto, Lisandro Reis, Carlos Badico, Rosenberg Frizeiro, Rhuan Fontes e Talison Vardiero para as festas chiques de JF.<\/p>\n<p>Para compactuar: A arte est\u00e1 num lance genial que se transforma em gol. Bom dia.<\/p>\n<p><img loading=\"lazy\" decoding=\"async\" class=\"aligncenter size-full wp-image-143202\" src=\"https:\/\/diarioregionaldigital.com.br\/wp-content\/uploads\/2019\/07\/Painel_6x11.jpg\" alt=\"\" width=\"3504\" height=\"1555\" srcset=\"https:\/\/diarioregionaldigital.com.br\/wp-content\/uploads\/2019\/07\/Painel_6x11.jpg 3504w, https:\/\/diarioregionaldigital.com.br\/wp-content\/uploads\/2019\/07\/Painel_6x11-300x133.jpg 300w, https:\/\/diarioregionaldigital.com.br\/wp-content\/uploads\/2019\/07\/Painel_6x11-768x341.jpg 768w, https:\/\/diarioregionaldigital.com.br\/wp-content\/uploads\/2019\/07\/Painel_6x11-1024x454.jpg 1024w, https:\/\/diarioregionaldigital.com.br\/wp-content\/uploads\/2019\/07\/Painel_6x11-360x160.jpg 360w\" sizes=\"auto, (max-width: 3504px) 100vw, 3504px\" \/><\/p>\n","protected":false},"excerpt":{"rendered":"<p>Solidariedade Com o Teatro Paschoal Carlos Magno todo iluminado, as volunt\u00e1rias e a presidente da APAE, Helena Milagres Belo, promoveram a bonita noite beneficente, onde o referencial foi a degusta\u00e7\u00e3o de tortas e sorteios. Para o tom musical foi convocada as bandas Tributo Santo e Veraluz, do Coral Filad\u00e9lfia e Cristiane Ferr e banda. Palmas [&hellip;]<\/p>\n","protected":false},"author":96,"featured_media":143173,"comment_status":"closed","ping_status":"closed","sticky":false,"template":"","format":"standard","meta":{"footnotes":""},"categories":[264],"tags":[],"class_list":["post-143197","post","type-post","status-publish","format-standard","has-post-thumbnail","hentry","category-eduardo-gomes"],"_links":{"self":[{"href":"https:\/\/diarioregionaldigital.com.br\/index.php?rest_route=\/wp\/v2\/posts\/143197","targetHints":{"allow":["GET"]}}],"collection":[{"href":"https:\/\/diarioregionaldigital.com.br\/index.php?rest_route=\/wp\/v2\/posts"}],"about":[{"href":"https:\/\/diarioregionaldigital.com.br\/index.php?rest_route=\/wp\/v2\/types\/post"}],"author":[{"embeddable":true,"href":"https:\/\/diarioregionaldigital.com.br\/index.php?rest_route=\/wp\/v2\/users\/96"}],"replies":[{"embeddable":true,"href":"https:\/\/diarioregionaldigital.com.br\/index.php?rest_route=%2Fwp%2Fv2%2Fcomments&post=143197"}],"version-history":[{"count":0,"href":"https:\/\/diarioregionaldigital.com.br\/index.php?rest_route=\/wp\/v2\/posts\/143197\/revisions"}],"wp:featuredmedia":[{"embeddable":true,"href":"https:\/\/diarioregionaldigital.com.br\/index.php?rest_route=\/wp\/v2\/media\/143173"}],"wp:attachment":[{"href":"https:\/\/diarioregionaldigital.com.br\/index.php?rest_route=%2Fwp%2Fv2%2Fmedia&parent=143197"}],"wp:term":[{"taxonomy":"category","embeddable":true,"href":"https:\/\/diarioregionaldigital.com.br\/index.php?rest_route=%2Fwp%2Fv2%2Fcategories&post=143197"},{"taxonomy":"post_tag","embeddable":true,"href":"https:\/\/diarioregionaldigital.com.br\/index.php?rest_route=%2Fwp%2Fv2%2Ftags&post=143197"}],"curies":[{"name":"wp","href":"https:\/\/api.w.org\/{rel}","templated":true}]}}