{"id":143182,"date":"2019-07-07T06:00:34","date_gmt":"2019-07-07T09:00:34","guid":{"rendered":"https:\/\/diarioregionaldigital.com.br\/?p=143182"},"modified":"2019-07-04T19:09:10","modified_gmt":"2019-07-04T22:09:10","slug":"esta-aberto-o-prazo-para-renovacao-de-contratos-firmados-pelo-fies-a-partir-de-2018","status":"publish","type":"post","link":"https:\/\/diarioregionaldigital.com.br\/?p=143182","title":{"rendered":"Est\u00e1 aberto o prazo para renova\u00e7\u00e3o de contratos firmados pelo Fies a partir de 2018"},"content":{"rendered":"<p>O prazo para os estudantes renovarem contratos do Novo Fundo de Financiamento Estudantil (Fies) j\u00e1 est\u00e1 aberto. O aditamento deve ser feito pela\u00a0<a href=\"http:\/\/www.sifesweb.caixa.gov.br\/\">internet<\/a> at\u00e9 o dia 31 de agosto. Ao todo, mais de 120 mil estudantes que contrataram o Fies a partir de janeiro de 2018 devem fazer o procedimento.<\/p>\n<p>De acordo com a Caixa Econ\u00f4mica Federal, uma das condi\u00e7\u00f5es para o aditamento \u00e9 estar com os pagamentos em dia. Caso o estudante n\u00e3o realize o aditamento por tr\u00eas semestres consecutivos pode ter o contrato cancelado.<\/p>\n<p>Al\u00e9m disso, os estudantes tamb\u00e9m podem fazer o pedido de suspens\u00e3o ou encerramento do semestre pelo mesmo sistema. A partir do dia 8 de julho, segunda-feira, ser\u00e1 poss\u00edvel solicitar a transfer\u00eancia de institui\u00e7\u00e3o de ensino.<\/p>\n<p>Caso seja necess\u00e1rio realizar altera\u00e7\u00f5es no contrato o estudante deve comparecer a uma ag\u00eancia da Caixa. No caso de troca de fiador, o estudante dever\u00e1 comparecer com o novo fiador e apresentar a documenta\u00e7\u00e3o necess\u00e1ria para assinatura de termo aditivo ao contrato.<\/p>\n<p>&nbsp;<\/p>\n<p><strong>NOVO FIES<\/strong><\/p>\n<p>O novo Fies foi lan\u00e7ado em 2018 e tem modalidades de acordo com a renda familiar. A modalidade Fies juro zero \u00e9 voltada para os candidatos com renda mensal familiar\u00a0per capita\u00a0de at\u00e9 tr\u00eas sal\u00e1rios m\u00ednimos, cujo financiamento m\u00ednimo \u00e9 de 50% do curso, enquanto o limite m\u00e1ximo semestral \u00e9 de R$ 42 mil e \u00e9 bancado pelo governo. J\u00e1 a modalidade P-Fies \u00e9 voltada para candidatos com renda familiar\u00a0per capita\u00a0entre 3 e 5 sal\u00e1rios m\u00ednimos e o financiamento \u00e9 feito por condi\u00e7\u00f5es definidas pelo agente financeiro operador de cr\u00e9dito, que pode ser um banco privado ou fundos constitucionais e de desenvolvimento.<\/p>\n<p>O aditamento est\u00e1 aberto apenas para contratos firmados junto \u00e0 Caixa. O aditamento dos contratos firmados antes de 2018 seguem cronograma definido pelo Fundo Nacional de Desenvolvimento da Educa\u00e7\u00e3o (FNDE), que est\u00e1 vinculado ao Minist\u00e9rio da Educa\u00e7\u00e3o (MEC).<\/p>\n<p>&nbsp;<\/p>\n<p>Com informa\u00e7\u00f5es da Ag\u00eancia Brasil<\/p>\n","protected":false},"excerpt":{"rendered":"<p>O prazo para os estudantes renovarem contratos do Novo Fundo de Financiamento Estudantil (Fies) j\u00e1 est\u00e1 aberto. O aditamento deve ser feito pela\u00a0internet at\u00e9 o dia 31 de agosto. Ao todo, mais de 120 mil estudantes que contrataram o Fies a partir de janeiro de 2018 devem fazer o procedimento. De acordo com a Caixa [&hellip;]<\/p>\n","protected":false},"author":96,"featured_media":143185,"comment_status":"closed","ping_status":"closed","sticky":false,"template":"","format":"standard","meta":{"footnotes":""},"categories":[302,436,440,439],"tags":[],"class_list":["post-143182","post","type-post","status-publish","format-standard","has-post-thumbnail","hentry","category-brasil-mundo","category-destaque-da-semana","category-destaques-do-dia","category-ultima-hora"],"_links":{"self":[{"href":"https:\/\/diarioregionaldigital.com.br\/index.php?rest_route=\/wp\/v2\/posts\/143182","targetHints":{"allow":["GET"]}}],"collection":[{"href":"https:\/\/diarioregionaldigital.com.br\/index.php?rest_route=\/wp\/v2\/posts"}],"about":[{"href":"https:\/\/diarioregionaldigital.com.br\/index.php?rest_route=\/wp\/v2\/types\/post"}],"author":[{"embeddable":true,"href":"https:\/\/diarioregionaldigital.com.br\/index.php?rest_route=\/wp\/v2\/users\/96"}],"replies":[{"embeddable":true,"href":"https:\/\/diarioregionaldigital.com.br\/index.php?rest_route=%2Fwp%2Fv2%2Fcomments&post=143182"}],"version-history":[{"count":0,"href":"https:\/\/diarioregionaldigital.com.br\/index.php?rest_route=\/wp\/v2\/posts\/143182\/revisions"}],"wp:featuredmedia":[{"embeddable":true,"href":"https:\/\/diarioregionaldigital.com.br\/index.php?rest_route=\/wp\/v2\/media\/143185"}],"wp:attachment":[{"href":"https:\/\/diarioregionaldigital.com.br\/index.php?rest_route=%2Fwp%2Fv2%2Fmedia&parent=143182"}],"wp:term":[{"taxonomy":"category","embeddable":true,"href":"https:\/\/diarioregionaldigital.com.br\/index.php?rest_route=%2Fwp%2Fv2%2Fcategories&post=143182"},{"taxonomy":"post_tag","embeddable":true,"href":"https:\/\/diarioregionaldigital.com.br\/index.php?rest_route=%2Fwp%2Fv2%2Ftags&post=143182"}],"curies":[{"name":"wp","href":"https:\/\/api.w.org\/{rel}","templated":true}]}}