{"id":143181,"date":"2019-07-07T05:59:24","date_gmt":"2019-07-07T08:59:24","guid":{"rendered":"https:\/\/diarioregionaldigital.com.br\/?p=143181"},"modified":"2019-07-04T19:19:54","modified_gmt":"2019-07-04T22:19:54","slug":"comissao-de-seguranca-publica-reune-com-entidades-para-intermediar-acao-sentindo-na-pele","status":"publish","type":"post","link":"https:\/\/diarioregionaldigital.com.br\/?p=143181","title":{"rendered":"Comiss\u00e3o de Seguran\u00e7a P\u00fablica re\u00fane com entidades para intermediar a\u00e7\u00e3o &#8220;Sentindo na Pele&#8221;"},"content":{"rendered":"<p>A Comiss\u00e3o de Seguran\u00e7a P\u00fablica, presidida pelo vereador Sargento Mello Casal (PTB), intermediou uma reuni\u00e3o, na quinta-feira, 04, com representantes dos segmentos envolvidos no transporte e tr\u00e2nsito\u00a0que elaboram pol\u00edticas p\u00fablicas sobre as rela\u00e7\u00f5es no tr\u00e2nsito afim de buscar a constru\u00e7\u00e3o conjunta de uma a\u00e7\u00e3o cont\u00ednua de educa\u00e7\u00e3o para o tr\u00e2nsito voltada tanto para motorista e cobradores, quanto para idosos, pessoas com defici\u00eancia e ciclistas. Ficou a cargo da Comiss\u00e3o Municipal de Seguran\u00e7a e Educa\u00e7\u00e3o para o Tr\u00e2nsito (Comset) a elabora\u00e7\u00e3o de um projeto a ser apresentado em agosto.<\/p>\n<p>De acordo com o vereador, a ideia surgiu durante o tr\u00e2mite da Comiss\u00e3o Parlamentar de Inqu\u00e9rito (CPI) dos \u00d4nibus. \u201cRecebemos algumas reclama\u00e7\u00f5es, que podem ser corriqueiras, naturais, e de imediato resolvemos fazer a intermedia\u00e7\u00e3o entre as pessoas que cuidam do tr\u00e2nsito na nossa cidade, para verificar o que podemos trazer de melhoria na parte de educa\u00e7\u00e3o\u201d, observando tamb\u00e9m que estar\u00e3o presentes as Comiss\u00f5es de Defesa dos Direitos dos Idosos e da Pessoa com Defici\u00eancia contribuindo na elabora\u00e7\u00e3o das a\u00e7\u00f5es.<\/p>\n<p>Para a\u00a0presidente da\u00a0Comset\u00a0\u00a0 Ana Beatriz Chaves, o primeiro passo \u00e9 levantar dados qualitativos e quantitativos sobre as rela\u00e7\u00f5es interpessoais tanto no transporte coletivo quanto no tr\u00e2nsito. \u201cA expectativa \u00e9 muito positiva com essa aproxima\u00e7\u00e3o entre esta Casa Legislativa e a Comset, para que tratemos de forma conjunta essas situa\u00e7\u00f5es e\u00a0 para uma mobiliza\u00e7\u00e3o e conscientiza\u00e7\u00e3o para um tr\u00e2nsito mais seguro\u201d, declarou.<\/p>\n<p>A representante da Secretaria de Tr\u00e2nsito e Transporte (Settra), Renata Furtado, observou que\u00a0ser\u00e1 uma oportunidade para esclarecer e divulgar informa\u00e7\u00f5es sobre a ciclorrota em Juiz de Fora, sendo um modelo diferente de uma ciclovia. \u201cNa ciclovia h\u00e1 uma pista segregada e exclusiva para o ciclista, j\u00e1 na ciclorrota os ve\u00edculos compartilham o espa\u00e7o\u201d, explicou Renata. Al\u00e9m disso, levantou a quest\u00e3o da demanda crescente por mais guardas de tr\u00e2nsito na cidade, que possui um efetivo de 70 guardas, para 290 mil ve\u00edculos.<\/p>\n<p>O presidente do Sindicato dos Rodovi\u00e1rios (Sintro), Vagner Corr\u00eaa, disse que a atualiza\u00e7\u00e3o e educa\u00e7\u00e3o no tr\u00e2nsito s\u00e3o positivas para orientar os profissionais, motoristas e cobradores, e oferecer um servi\u00e7o cada vez melhor para a comunidade. \u201cVemos com bons olhos a campanha que ira orientar n\u00f3s trabalhadores e tamb\u00e9m a popula\u00e7\u00e3o sobre seus direitos e deveres de cada um no tr\u00e2nsito\u201d, finalizou.<\/p>\n<p>Estiveram presentes tamb\u00e9m na reuni\u00e3o os assessores dos vereadores Marlon Siqueira (MDB), Jo\u00e3o Coteca (PR) e Kennedy Ribeiro (MDB), Anna Ede, da OAB, Cl\u00e1udia Ferreira, do Cons\u00f3rcio Via JF, Francisco Nunes, da Secretaria de Educa\u00e7\u00e3o, e o diretor Sindicato dos Rodovi\u00e1rios (SINTRO)\u00a0Andr\u00e9 Krolman.<\/p>\n<p>&nbsp;<\/p>\n<p>Fonte: CMJF<\/p>\n","protected":false},"excerpt":{"rendered":"<p>A Comiss\u00e3o de Seguran\u00e7a P\u00fablica, presidida pelo vereador Sargento Mello Casal (PTB), intermediou uma reuni\u00e3o, na quinta-feira, 04, com representantes dos segmentos envolvidos no transporte e tr\u00e2nsito\u00a0que elaboram pol\u00edticas p\u00fablicas sobre as rela\u00e7\u00f5es no tr\u00e2nsito afim de buscar a constru\u00e7\u00e3o conjunta de uma a\u00e7\u00e3o cont\u00ednua de educa\u00e7\u00e3o para o tr\u00e2nsito voltada tanto para motorista e [&hellip;]<\/p>\n","protected":false},"author":96,"featured_media":143192,"comment_status":"closed","ping_status":"closed","sticky":false,"template":"","format":"standard","meta":{"footnotes":""},"categories":[253,436,440,439],"tags":[],"class_list":["post-143181","post","type-post","status-publish","format-standard","has-post-thumbnail","hentry","category-cidade","category-destaque-da-semana","category-destaques-do-dia","category-ultima-hora"],"_links":{"self":[{"href":"https:\/\/diarioregionaldigital.com.br\/index.php?rest_route=\/wp\/v2\/posts\/143181","targetHints":{"allow":["GET"]}}],"collection":[{"href":"https:\/\/diarioregionaldigital.com.br\/index.php?rest_route=\/wp\/v2\/posts"}],"about":[{"href":"https:\/\/diarioregionaldigital.com.br\/index.php?rest_route=\/wp\/v2\/types\/post"}],"author":[{"embeddable":true,"href":"https:\/\/diarioregionaldigital.com.br\/index.php?rest_route=\/wp\/v2\/users\/96"}],"replies":[{"embeddable":true,"href":"https:\/\/diarioregionaldigital.com.br\/index.php?rest_route=%2Fwp%2Fv2%2Fcomments&post=143181"}],"version-history":[{"count":0,"href":"https:\/\/diarioregionaldigital.com.br\/index.php?rest_route=\/wp\/v2\/posts\/143181\/revisions"}],"wp:featuredmedia":[{"embeddable":true,"href":"https:\/\/diarioregionaldigital.com.br\/index.php?rest_route=\/wp\/v2\/media\/143192"}],"wp:attachment":[{"href":"https:\/\/diarioregionaldigital.com.br\/index.php?rest_route=%2Fwp%2Fv2%2Fmedia&parent=143181"}],"wp:term":[{"taxonomy":"category","embeddable":true,"href":"https:\/\/diarioregionaldigital.com.br\/index.php?rest_route=%2Fwp%2Fv2%2Fcategories&post=143181"},{"taxonomy":"post_tag","embeddable":true,"href":"https:\/\/diarioregionaldigital.com.br\/index.php?rest_route=%2Fwp%2Fv2%2Ftags&post=143181"}],"curies":[{"name":"wp","href":"https:\/\/api.w.org\/{rel}","templated":true}]}}